{"id":80591,"date":"2009-12-18T07:58:11","date_gmt":"2009-12-18T06:58:11","guid":{"rendered":"http:\/\/www.ivg.it\/2009\/12\/18\/ceriale-fa-gli-auguri-in-500\/"},"modified":"2009-12-18T07:58:11","modified_gmt":"2009-12-18T06:58:11","slug":"ceriale-fa-gli-auguri-in-500","status":"publish","type":"post","link":"https:\/\/staging.ivg.it\/2009\/12\/ceriale-fa-gli-auguri-in-500\/","title":{"rendered":"Ceriale fa gli&#8230;&#8221;Auguri in 500&#8243;"},"content":{"rendered":"<p>[thumb:3558:l]<strong>Ceriale<\/strong>. Sono stati definiti gli ultimi dettagli della seconda edizione del Raduno di Ceriale &#8220;Auguri in 500&#8221;, in programma per domenica prossima nella cittadina rivierasca. Ad organizzare l&#8217;iniziativa, il Comune, il CIV, l&#8217;Ascom Confcommercio di Ceriale e, per il Fiat 500 Club Italia, il Coordinamento di Albenga e lo Staff Ufficio Stampa.<\/p>\n<p>L&#8217;appuntamento \u00e8 per le ore 9 nella centralissima Piazza della Vittoria per le operazioni di registrazione e il posizionamento delle vetture, intrattenuti dalle musiche e dai balli targati &#8220;ASD El Barrio Latino&#8221;; alle 10,30 tutti al Bar Pasticceria Bacicin &#8211; che fino al termine del periodo festivo ospita una selezione di opere della mostra &#8220;Una Tavolozza di 500&#8221; &#8211; per l&#8217;aperitivo.<\/p>\n<p>A seguire, gli equipaggi faranno sgranchire i motori salendo in frazione Peagna e sulla cosiddetta &#8220;panoramica&#8221;, dalla quale si pu\u00f2 godere una splendida vista della Piana Ingauna. Ci sar\u00e0 poi il trasferimento a Garlenda per il pranzo presso il Ristorante Garilinda e, intorno alle 15, le premiazioni presso il Museo Multimediale della 500. Per le 16, il &#8220;caff\u00e8 della staffa&#8221; di nuovo a Ceriale presso &#8220;Bacicin&#8221; e i saluti finali.<\/p>\n<hr size=\"1\" \/><a href=\"#_ftnref1\">[1]<\/a> &#8220;Una Tavolozza di 500&#8221; \u00e8 la collettiva di pittura che \u00e8 stata inaugurata il 3 luglio 2009 al Museo Multimediale della 500 &#8220;Dante Giacosa&#8221; di Garlenda, ove \u00e8 stata visitabile sino al 30 settembre.<\/p>\n","protected":false},"excerpt":{"rendered":"<p>[thumb:3558:l]Ceriale. Sono stati definiti gli ultimi dettagli della seconda edizione del Raduno di Ceriale &#8220;Auguri in 500&#8221;, in programma per domenica prossima nella cittadina rivierasca. Ad organizzare l&#8217;iniziativa, il Comune, il CIV, l&#8217;Ascom Confcommercio di Ceriale e, per il Fiat 500 Club Italia, il Coordinamento di Albenga e lo Staff Ufficio Stampa. L&#8217;appuntamento \u00e8 per [&hellip;]<\/p>\n","protected":false},"author":13744,"featured_media":0,"comment_status":"open","ping_status":"closed","sticky":false,"template":"","format":"standard","meta":{"footnotes":""},"categories":[],"tags":[85855,501],"class_list":["post-80591","post","type-post","status-publish","format-standard","hentry","tag-ceriale","tag-raduno","post_cat_citta-ceriale"],"amp_validity":null,"amp_enabled":true,"_links":{"self":[{"href":"https:\/\/staging.ivg.it\/ediapi\/wp\/v2\/posts\/80591","targetHints":{"allow":["GET"]}}],"collection":[{"href":"https:\/\/staging.ivg.it\/ediapi\/wp\/v2\/posts"}],"about":[{"href":"https:\/\/staging.ivg.it\/ediapi\/wp\/v2\/types\/post"}],"author":[{"embeddable":true,"href":"https:\/\/staging.ivg.it\/ediapi\/wp\/v2\/users\/13744"}],"replies":[{"embeddable":true,"href":"https:\/\/staging.ivg.it\/ediapi\/wp\/v2\/comments?post=80591"}],"version-history":[{"count":0,"href":"https:\/\/staging.ivg.it\/ediapi\/wp\/v2\/posts\/80591\/revisions"}],"wp:attachment":[{"href":"https:\/\/staging.ivg.it\/ediapi\/wp\/v2\/media?parent=80591"}],"wp:term":[{"taxonomy":"category","embeddable":true,"href":"https:\/\/staging.ivg.it\/ediapi\/wp\/v2\/categories?post=80591"},{"taxonomy":"post_tag","embeddable":true,"href":"https:\/\/staging.ivg.it\/ediapi\/wp\/v2\/tags?post=80591"}],"curies":[{"name":"wp","href":"https:\/\/api.w.org\/{rel}","templated":true}]}}