{"id":80589,"date":"2009-12-17T19:04:30","date_gmt":"2009-12-17T18:04:30","guid":{"rendered":"http:\/\/www.ivg.it\/2009\/12\/17\/bombardier-piano-occupazionale-da-19-nuove-assunzioni\/"},"modified":"2009-12-18T10:42:42","modified_gmt":"2009-12-18T09:42:42","slug":"bombardier-piano-occupazionale-da-19-nuove-assunzioni","status":"publish","type":"post","link":"https:\/\/staging.ivg.it\/2009\/12\/bombardier-piano-occupazionale-da-19-nuove-assunzioni\/","title":{"rendered":"Bombardier: piano occupazionale con 19 assunzioni"},"content":{"rendered":"<p>[thumb:2652:l]<strong>Vado Ligure.<\/strong> Dopo un pomeriggio di trattativa tra azienda ed Rsu sindacale \u00e8 stato raggiunto un accordo sul piano occupazionale alla Bombardier Transportation di Vado Ligure. I sindacati hanno valutato positivamente le prospettive sui carichi di lavoro per il nuovo anno, per il quale l&#8217;azienda si \u00e8 impegnata a tradurre 14 contratti a termini in contratti a tempo indeterminato, misura che riguarder\u00e0 altri cinque lavoratori da somministrazione. Per gli altri lavoratori interinali e da somministrazione i contratti veranno prorogati con diverse tranche per tutto il 2010. Alla base del piano la &#8220;reinternalizzazione&#8221; di alcune produzioni che prima venivano date in appalto, in particolare alcune componenti della locomotiva E464.<\/p>\n<p>Slitta, per ora, la questione degli ammortizzatori sociali previsti per i lavoratori in uscita dall&#8217;azienda. I sindacati hanno preso atto della non disponibilit\u00e0 dell&#8217;azienda su questo tema, nonostante una disponibilit\u00e0 di massima ad interventi di mobilit\u00e0 in deroga gi\u00e0 incassata al tavolo regionale.<\/p>\n<p>&#8220;E&#8217; stato un accordo importante raggiunto dopo una lunga trattativa. Un&#8217;intesa significativa anche in considerazione del momento di crisi economica. Tuttavia, in relazione alle prospettive per l&#8217;azienda, ci auguriamo altre possibilit\u00e0 occupazionali&#8221; \u00e8 il commento della Rsu sindacale al termine dell&#8217;incontro odierno.<\/p>\n","protected":false},"excerpt":{"rendered":"<p>[thumb:2652:l]Vado Ligure. Dopo un pomeriggio di trattativa tra azienda ed Rsu sindacale \u00e8 stato raggiunto un accordo sul piano occupazionale alla Bombardier Transportation di Vado Ligure. I sindacati hanno valutato positivamente le prospettive sui carichi di lavoro per il nuovo anno, per il quale l&#8217;azienda si \u00e8 impegnata a tradurre 14 contratti a termini in [&hellip;]<\/p>\n","protected":false},"author":4,"featured_media":0,"comment_status":"open","ping_status":"closed","sticky":false,"template":"","format":"standard","meta":{"footnotes":""},"categories":[35],"tags":[5312,7441,15875,871,509,482,410,13847,85979],"class_list":["post-80589","post","type-post","status-publish","format-standard","hentry","category-economia","tag-auguri","tag-crisi-economica","tag-disponibilita","tag-lavoratori","tag-lavoro","tag-mobilita","tag-sindacati","tag-tavolo-regionale","tag-vado-ligure","post_cat_citta-andora","post_cat_citta-vado-ligure"],"amp_validity":null,"amp_enabled":true,"_links":{"self":[{"href":"https:\/\/staging.ivg.it\/ediapi\/wp\/v2\/posts\/80589","targetHints":{"allow":["GET"]}}],"collection":[{"href":"https:\/\/staging.ivg.it\/ediapi\/wp\/v2\/posts"}],"about":[{"href":"https:\/\/staging.ivg.it\/ediapi\/wp\/v2\/types\/post"}],"author":[{"embeddable":true,"href":"https:\/\/staging.ivg.it\/ediapi\/wp\/v2\/users\/4"}],"replies":[{"embeddable":true,"href":"https:\/\/staging.ivg.it\/ediapi\/wp\/v2\/comments?post=80589"}],"version-history":[{"count":0,"href":"https:\/\/staging.ivg.it\/ediapi\/wp\/v2\/posts\/80589\/revisions"}],"wp:attachment":[{"href":"https:\/\/staging.ivg.it\/ediapi\/wp\/v2\/media?parent=80589"}],"wp:term":[{"taxonomy":"category","embeddable":true,"href":"https:\/\/staging.ivg.it\/ediapi\/wp\/v2\/categories?post=80589"},{"taxonomy":"post_tag","embeddable":true,"href":"https:\/\/staging.ivg.it\/ediapi\/wp\/v2\/tags?post=80589"}],"curies":[{"name":"wp","href":"https:\/\/api.w.org\/{rel}","templated":true}]}}