{"id":80571,"date":"2009-12-17T16:38:48","date_gmt":"2009-12-17T15:38:48","guid":{"rendered":"http:\/\/www.ivg.it\/2009\/12\/17\/savona-santa-rita-in-festa-con-mercatino-e-rinfresco-augurale\/"},"modified":"2009-12-17T18:15:04","modified_gmt":"2009-12-17T17:15:04","slug":"savona-santa-rita-in-festa-con-mercatino-e-rinfresco-augurale","status":"publish","type":"post","link":"https:\/\/staging.ivg.it\/2009\/12\/savona-santa-rita-in-festa-con-mercatino-e-rinfresco-augurale\/","title":{"rendered":"Savona, Santa Rita in festa con mercatino e rinfresco augurale"},"content":{"rendered":"<p>[thumb:7017:l]<strong>Savona<\/strong>. Domani, venerd\u00ec 18 dicembre, a Savona, Santa Rita sar\u00e0 in festa:  infatti dalle 9,30 si terr\u00e0 un mercatino natalizio in via Tasso con artigianato a tema. Parteciperanno artigiani, piccoli commercianti di prodotti particolari, produttori agricoli e creatori di opere del proprio ingegno creativo.<\/p>\n<p>E&#8217; un po&#8217; una tradizione quella dei mercatini in via Tasso, grazie all&#8217;impegno del Comitato commercianti di Santa Rita, presieduto da Moira Bosoni, con Donatella Barbano vicepresidente, che cercano di rendere sempre pi\u00f9 vivo il quartiere con eventi e iniziative che richiamano sempre pi\u00f9 l&#8217;attenzione della cittadinanza e dei visitatori.<\/p>\n<p>L&#8217;evento \u00e8 sostenuto anche dall&#8217;assessorato ai Quartieri, grazie al quale ci saranno dalle ore 16 spettacoli di magie per bambini, mentre la Circoscrizione Terza, sempre unitamente con il Comitato commercianti di Santa Rita, terr\u00e0 un rinfresco augurale alla cittadinanza nei giardinetti di via Collodi con panettone per tutti e regali per i pi\u00f9 piccoli consegnati da Babbo Natale, e con musica itinerante del Trio Myrddin.<\/p>\n","protected":false},"excerpt":{"rendered":"<p>[thumb:7017:l]Savona. Domani, venerd\u00ec 18 dicembre, a Savona, Santa Rita sar\u00e0 in festa: infatti dalle 9,30 si terr\u00e0 un mercatino natalizio in via Tasso con artigianato a tema. Parteciperanno artigiani, piccoli commercianti di prodotti particolari, produttori agricoli e creatori di opere del proprio ingegno creativo. E&#8217; un po&#8217; una tradizione quella dei mercatini in via Tasso, [&hellip;]<\/p>\n","protected":false},"author":13744,"featured_media":0,"comment_status":"open","ping_status":"closed","sticky":false,"template":"","format":"standard","meta":{"footnotes":""},"categories":[],"tags":[383,5861,369,16199,85850],"class_list":["post-80571","post","type-post","status-publish","format-standard","hentry","tag-artigianato","tag-artigiani","tag-festa","tag-santa-rita","tag-savona","post_cat_citta-savona"],"amp_validity":null,"amp_enabled":true,"_links":{"self":[{"href":"https:\/\/staging.ivg.it\/ediapi\/wp\/v2\/posts\/80571","targetHints":{"allow":["GET"]}}],"collection":[{"href":"https:\/\/staging.ivg.it\/ediapi\/wp\/v2\/posts"}],"about":[{"href":"https:\/\/staging.ivg.it\/ediapi\/wp\/v2\/types\/post"}],"author":[{"embeddable":true,"href":"https:\/\/staging.ivg.it\/ediapi\/wp\/v2\/users\/13744"}],"replies":[{"embeddable":true,"href":"https:\/\/staging.ivg.it\/ediapi\/wp\/v2\/comments?post=80571"}],"version-history":[{"count":0,"href":"https:\/\/staging.ivg.it\/ediapi\/wp\/v2\/posts\/80571\/revisions"}],"wp:attachment":[{"href":"https:\/\/staging.ivg.it\/ediapi\/wp\/v2\/media?parent=80571"}],"wp:term":[{"taxonomy":"category","embeddable":true,"href":"https:\/\/staging.ivg.it\/ediapi\/wp\/v2\/categories?post=80571"},{"taxonomy":"post_tag","embeddable":true,"href":"https:\/\/staging.ivg.it\/ediapi\/wp\/v2\/tags?post=80571"}],"curies":[{"name":"wp","href":"https:\/\/api.w.org\/{rel}","templated":true}]}}