{"id":80567,"date":"2009-12-17T16:15:53","date_gmt":"2009-12-17T15:15:53","guid":{"rendered":"http:\/\/www.ivg.it\/2009\/12\/17\/vado-ligure-numerose-iniziative-per-le-festivita-natalizie\/"},"modified":"2009-12-17T18:17:08","modified_gmt":"2009-12-17T17:17:08","slug":"vado-ligure-numerose-iniziative-per-le-festivita-natalizie","status":"publish","type":"post","link":"https:\/\/staging.ivg.it\/2009\/12\/vado-ligure-numerose-iniziative-per-le-festivita-natalizie\/","title":{"rendered":"Vado Ligure: numerose iniziative per le festivit\u00e0 natalizie"},"content":{"rendered":"<p>[thumb:1816:l]<strong>Vado Ligure<\/strong>. Ancora una volta, in occasione delle festivit\u00e0 natalizie, Vado Ligure &#8220;scende in campo&#8221; con tutte le proprie forze, organizzando una serie di eventi che renderanno pi\u00f9 piacevole l&#8217;attesa del Natale per la comunit\u00e0 locale.<\/p>\n<p>Sabato 19 dicembre, dalle ore 14,30, &#8220;Natale in Piazza Cavour&#8221;, organizzato dalla Consulta del Volontariato e dell&#8217;Associazionismo, il cui apporto \u00e8 di fondamentale importanza per la straordinaria sensibilit\u00e0 aggregativa dei suoi componenti.<\/p>\n<p>Naturalmente non mancheranno le bancarelle gastronomiche, in cui si potranno gustare focaccette, frittelle, cioccolata calda, vin brul\u00e8 e dolci natalizi. I bambini potranno fare un giro sulla slitta di Babbo Natale e partecipare alla pesca dei giocattoli. A fare da sfondo a questo magnifico pomeriggio, canti e musiche natalizie. Nel corso dell&#8217;evento verr\u00e0 effettuata una raccolta fondi Pro Abruzzo.<\/p>\n<p>A seguire, presso la Chiesa Arcipresbiteriale San Giovanni Battista, alle ore 21, concerto di Larry Ray &amp; the Holy Trinit\u00e0 Gospel Choir. Una rappresentazione Gospel con un interprete d&#8217; eccezione, Larry Ray. Nel corso della sua carriera  ha collaborato con importanti gruppi, incidendo tra l&#8217;altro, la bellissima &#8221; Stand by Me &#8221; con i Drifters. Insieme alla sua band ed al suo coro di otto elementi, rivisita le canzone Gospel pi\u00f9 significative.<\/p>\n<p>Domenica 20 dicembre, dalle ore 9 alle 17 circa, Mercatino di Natale in Piazza Cavour, a cura dei commercianti del C.I.V. Una buona occasione per fare shopping natalizio, &#8220;camminando&#8221; tra oggetti di bigiotteria, tessuti, ceramiche e oggetti natalizi, con la gradevole compagnia della musica natalizia e di una buona tazza di cioccolata calda. Nel pomeriggio, l&#8217;atmosfera verr\u00e0 &#8220;rinfrescata&#8221; da una spruzzata di neve.<\/p>\n<p>Marted\u00ec 22 dicembre, alle ore 21, presso la Chiesa Nostra Signora della Pace, in localit\u00e0 Valle di Vado, concerto della Corale Monteverdi di Savona diretta dal maestro Giuseppe Tardito.<\/p>\n<p>Nei giorni dal 22 al 24 dicembre, dalle ore 20 alle 24, in localit\u00e0 Segno, tradizionale Presepe vivente. Organizzato dalla Comunit\u00e0 segnese, dalla S.M.S. Fratellanza  segnese e dalla Societ\u00e0 Cattolica Fede e Lavoro, il presepe far\u00e0 rivivere la magica atmosfera   del Natale e l&#8217;attesa per la nascita del Ges\u00f9 Bambino.<\/p>\n","protected":false},"excerpt":{"rendered":"<p>[thumb:1816:l]Vado Ligure. Ancora una volta, in occasione delle festivit\u00e0 natalizie, Vado Ligure &#8220;scende in campo&#8221; con tutte le proprie forze, organizzando una serie di eventi che renderanno pi\u00f9 piacevole l&#8217;attesa del Natale per la comunit\u00e0 locale. Sabato 19 dicembre, dalle ore 14,30, &#8220;Natale in Piazza Cavour&#8221;, organizzato dalla Consulta del Volontariato e dell&#8217;Associazionismo, il cui [&hellip;]<\/p>\n","protected":false},"author":13744,"featured_media":0,"comment_status":"open","ping_status":"closed","sticky":false,"template":"","format":"standard","meta":{"footnotes":""},"categories":[],"tags":[647,85980,3004,2671,2791,85979],"class_list":["post-80567","post","type-post","status-publish","format-standard","hentry","tag-dolci","tag-eventi","tag-festivita","tag-iniziative","tag-natale","tag-vado-ligure","post_cat_citta-vado-ligure"],"amp_validity":null,"amp_enabled":true,"_links":{"self":[{"href":"https:\/\/staging.ivg.it\/ediapi\/wp\/v2\/posts\/80567","targetHints":{"allow":["GET"]}}],"collection":[{"href":"https:\/\/staging.ivg.it\/ediapi\/wp\/v2\/posts"}],"about":[{"href":"https:\/\/staging.ivg.it\/ediapi\/wp\/v2\/types\/post"}],"author":[{"embeddable":true,"href":"https:\/\/staging.ivg.it\/ediapi\/wp\/v2\/users\/13744"}],"replies":[{"embeddable":true,"href":"https:\/\/staging.ivg.it\/ediapi\/wp\/v2\/comments?post=80567"}],"version-history":[{"count":0,"href":"https:\/\/staging.ivg.it\/ediapi\/wp\/v2\/posts\/80567\/revisions"}],"wp:attachment":[{"href":"https:\/\/staging.ivg.it\/ediapi\/wp\/v2\/media?parent=80567"}],"wp:term":[{"taxonomy":"category","embeddable":true,"href":"https:\/\/staging.ivg.it\/ediapi\/wp\/v2\/categories?post=80567"},{"taxonomy":"post_tag","embeddable":true,"href":"https:\/\/staging.ivg.it\/ediapi\/wp\/v2\/tags?post=80567"}],"curies":[{"name":"wp","href":"https:\/\/api.w.org\/{rel}","templated":true}]}}