{"id":80512,"date":"2009-12-16T17:38:25","date_gmt":"2009-12-16T16:38:25","guid":{"rendered":"http:\/\/www.ivg.it\/2009\/12\/16\/albissola-marina-le-iniziative-per-le-festivita-natalizie\/"},"modified":"2009-12-16T17:38:25","modified_gmt":"2009-12-16T16:38:25","slug":"albissola-marina-le-iniziative-per-le-festivita-natalizie","status":"publish","type":"post","link":"https:\/\/staging.ivg.it\/2009\/12\/albissola-marina-le-iniziative-per-le-festivita-natalizie\/","title":{"rendered":"Albissola Marina: le iniziative per le festivit\u00e0 natalizie"},"content":{"rendered":"<p>[thumb:1498:l]<strong>Albissola Marina<\/strong>. L&#8217;amministrazione comunale d&#8217;Albissola Marina ha predisposto una serie d&#8217;iniziative per celebrare, con residenti e turisti, il Natale e le feste fino al 6 gennaio.<\/p>\n<p>Come ogni anno, dal 1991, vengono allestite nelle vie del centro storico le ormai famose &#8220;Sculture di Luce&#8221;, realizzate a suo tempo da numerosi artisti nell&#8217;ambito della manifestazione Albissola illuminata d&#8217;arte. Quest&#8217;anno, a seguito di preziosi lavori di restauro, \u00e8 possibile ammirare l&#8217;intera collezione, arricchita da opere di Rossello, Bratta, Carl\u00e8, Gandini, Santella, rimesse completamente a nuovo.<\/p>\n<p>Per i pi\u00f9 piccini, in collaborazione con la biblioteca comunale, avr\u00e0 luogo venerd\u00ec 18 dicembre alle 16 nella Sala Congressi di via dell&#8217;Oratorio una grande festa con video esposizione sul tema &#8220;Tantestoriepergiocare&#8221;.<\/p>\n<p>Sabato 19 e domenica 20 dicembre, nel centro storico, mercatini e vendite promozionali, oltre all&#8217;animazione teatrale per i bambini a cura delle compagnie &#8220;Nati da un sogno&#8221; e &#8220;Musicanti di Albissola&#8221;. Sabato 19 dicembre alle 21, nell&#8217;oratorio di San Giuseppe, avr\u00e0 luogo lo spettacolo natalizio &#8220;Invexendo de Natale&#8221; di Mauro Pirovano e i Liguriani.<\/p>\n<p>Marted\u00ec 22 dicembre alle 16,30, sempre nell&#8217;oratorio di San Giuseppe, si terr\u00e0 il concerto degli allievi della scuola di musica &#8220;T.Nicolini&#8221;. Lo stesso oratorio sar\u00e0 teatro, mercoled\u00ec 23 dicembre alle 21, del concerto &#8220;Note di Natale&#8221; a cura dei maestri della locale scuola di musica. Gioved\u00ec 31 dicembre, dalle 11,30 sulla piazza del Comune, &#8220;Aperitivo di fine anno&#8221; offerto dal ristorante La Familiare.<\/p>\n<p>Mercoled\u00ec 6 gennaio &#8220;Arriva la Befana&#8221; dalle 15,30 in piazza Sisto IV: frittelle e focaccette offerte dall&#8217;Avis; animazione per bambini; &#8220;Lotteria della Concordia&#8221; con appuntamento per l&#8217;estrazione alle 18 nel Museo Civico d&#8217;Arte Contemporanea. I premi in palio saranno ceramiche, dipinti su tela, oggetti di collezioni private e inedite. La vendita dei biglietti avr\u00e0 luogo fino a gioved\u00ec 31 dicembre presso: Avis delle Albissole, Parrocchia della Concordia, Societ\u00e0 Operaia santa Cecilia e attivit\u00e0 commerciali che hanno aderito all&#8217;iniziativa.<\/p>\n<p>Il programma dettagliato, raccolto in una piccola brochure recante gli auguri agli albissolesi da parte del sindaco Nicol\u00f2 Vicenzi e realizzata in collaborazione con Cala Marina Associazione Commercianti, Albissola d&#8217;Amare, operatori commerciali, artisti, gallerie e circoli culturali, sar\u00e0 inviato in questi giorni a tutte le famiglie residenti.<\/p>\n","protected":false},"excerpt":{"rendered":"<p>[thumb:1498:l]Albissola Marina. L&#8217;amministrazione comunale d&#8217;Albissola Marina ha predisposto una serie d&#8217;iniziative per celebrare, con residenti e turisti, il Natale e le feste fino al 6 gennaio. Come ogni anno, dal 1991, vengono allestite nelle vie del centro storico le ormai famose &#8220;Sculture di Luce&#8221;, realizzate a suo tempo da numerosi artisti nell&#8217;ambito della manifestazione Albissola [&hellip;]<\/p>\n","protected":false},"author":5,"featured_media":0,"comment_status":"open","ping_status":"closed","sticky":false,"template":"","format":"standard","meta":{"footnotes":""},"categories":[],"tags":[4683,5424,2792,3004,16144,2671,854,3593,2793,1941,2791,110],"class_list":["post-80512","post","type-post","status-publish","format-standard","hentry","tag-capodanno","tag-epifania","tag-feste","tag-festivita","tag-festivita-natalizie","tag-iniziative","tag-lavori","tag-luci","tag-luminarie","tag-mercato","tag-natale","tag-spettacolo","post_cat_citta-albissola-marina"],"amp_validity":null,"amp_enabled":true,"_links":{"self":[{"href":"https:\/\/staging.ivg.it\/ediapi\/wp\/v2\/posts\/80512","targetHints":{"allow":["GET"]}}],"collection":[{"href":"https:\/\/staging.ivg.it\/ediapi\/wp\/v2\/posts"}],"about":[{"href":"https:\/\/staging.ivg.it\/ediapi\/wp\/v2\/types\/post"}],"author":[{"embeddable":true,"href":"https:\/\/staging.ivg.it\/ediapi\/wp\/v2\/users\/5"}],"replies":[{"embeddable":true,"href":"https:\/\/staging.ivg.it\/ediapi\/wp\/v2\/comments?post=80512"}],"version-history":[{"count":0,"href":"https:\/\/staging.ivg.it\/ediapi\/wp\/v2\/posts\/80512\/revisions"}],"wp:attachment":[{"href":"https:\/\/staging.ivg.it\/ediapi\/wp\/v2\/media?parent=80512"}],"wp:term":[{"taxonomy":"category","embeddable":true,"href":"https:\/\/staging.ivg.it\/ediapi\/wp\/v2\/categories?post=80512"},{"taxonomy":"post_tag","embeddable":true,"href":"https:\/\/staging.ivg.it\/ediapi\/wp\/v2\/tags?post=80512"}],"curies":[{"name":"wp","href":"https:\/\/api.w.org\/{rel}","templated":true}]}}