{"id":80214,"date":"2009-12-11T13:34:04","date_gmt":"2009-12-11T12:34:04","guid":{"rendered":"http:\/\/www.ivg.it\/2009\/12\/11\/weekend-da-sciarpa-e-guanti-previsto-un-calo-delle-temperature-anche-di-8-gradi\/"},"modified":"2009-12-11T15:10:07","modified_gmt":"2009-12-11T14:10:07","slug":"weekend-da-sciarpa-e-guanti-previsto-un-calo-delle-temperature-anche-di-8-gradi","status":"publish","type":"post","link":"https:\/\/staging.ivg.it\/2009\/12\/weekend-da-sciarpa-e-guanti-previsto-un-calo-delle-temperature-anche-di-8-gradi\/","title":{"rendered":"Weekend da sciarpa e guanti: previsto un calo delle temperature anche di 8 gradi"},"content":{"rendered":"<p>[thumb:14676:l]Ci aspettano giornate fredde e ventose per questo fine settimana. I meteorologi parlano infatti di correnti di aria gelida di origine siberiana che investiranno l&#8217;Italia e quindi arriveranno pioggia, freddo e nevicate fino a bassa quota. Si assister\u00e0 dunque ad un brusco calo delle temperature, in generale compreso fra 4 e 8 gradi.<\/p>\n<p>L&#8217;azione del freddo sar\u00e0 particolarmente pungente grazie anche all&#8217;azione del vento, che soffier\u00e0 intenso su quasi tutte le regioni. Fra alti e bassi il freddo, tipicamente invernale, insister\u00e0 sull&#8217;Italia per diversi giorni, probabilmente almeno fino al periodo natalizio, mentre piogge e nevicate saranno poche e interesseranno pi\u00f9 che altro il versante adriatico della Penisola.<\/p>\n","protected":false},"excerpt":{"rendered":"<p>[thumb:14676:l]Ci aspettano giornate fredde e ventose per questo fine settimana. I meteorologi parlano infatti di correnti di aria gelida di origine siberiana che investiranno l&#8217;Italia e quindi arriveranno pioggia, freddo e nevicate fino a bassa quota. Si assister\u00e0 dunque ad un brusco calo delle temperature, in generale compreso fra 4 e 8 gradi. L&#8217;azione del [&hellip;]<\/p>\n","protected":false},"author":5,"featured_media":0,"comment_status":"open","ping_status":"closed","sticky":false,"template":"","format":"standard","meta":{"footnotes":""},"categories":[],"tags":[4653,651,13392,15287],"class_list":["post-80214","post","type-post","status-publish","format-standard","hentry","tag-freddo","tag-maltempo","tag-temperature","tag-weekend"],"amp_validity":null,"amp_enabled":true,"_links":{"self":[{"href":"https:\/\/staging.ivg.it\/ediapi\/wp\/v2\/posts\/80214","targetHints":{"allow":["GET"]}}],"collection":[{"href":"https:\/\/staging.ivg.it\/ediapi\/wp\/v2\/posts"}],"about":[{"href":"https:\/\/staging.ivg.it\/ediapi\/wp\/v2\/types\/post"}],"author":[{"embeddable":true,"href":"https:\/\/staging.ivg.it\/ediapi\/wp\/v2\/users\/5"}],"replies":[{"embeddable":true,"href":"https:\/\/staging.ivg.it\/ediapi\/wp\/v2\/comments?post=80214"}],"version-history":[{"count":0,"href":"https:\/\/staging.ivg.it\/ediapi\/wp\/v2\/posts\/80214\/revisions"}],"wp:attachment":[{"href":"https:\/\/staging.ivg.it\/ediapi\/wp\/v2\/media?parent=80214"}],"wp:term":[{"taxonomy":"category","embeddable":true,"href":"https:\/\/staging.ivg.it\/ediapi\/wp\/v2\/categories?post=80214"},{"taxonomy":"post_tag","embeddable":true,"href":"https:\/\/staging.ivg.it\/ediapi\/wp\/v2\/tags?post=80214"}],"curies":[{"name":"wp","href":"https:\/\/api.w.org\/{rel}","templated":true}]}}