{"id":80123,"date":"2009-12-09T17:41:09","date_gmt":"2009-12-09T16:41:09","guid":{"rendered":"http:\/\/www.ivg.it\/2009\/12\/09\/bombardier-piano-per-reintegrare-i-lavoratori-in-esubero\/"},"modified":"2009-12-10T09:47:13","modified_gmt":"2009-12-10T08:47:13","slug":"bombardier-piano-per-reintegrare-i-lavoratori-in-esubero","status":"publish","type":"post","link":"https:\/\/staging.ivg.it\/2009\/12\/bombardier-piano-per-reintegrare-i-lavoratori-in-esubero\/","title":{"rendered":"Bombardier: piano per reintegrare i lavoratori in esubero"},"content":{"rendered":"<p>[thumb:13132:l]<strong>Vado Ligure.<\/strong> Niente ammortizzatori sociali per i lavoratori interinali della Bombardier Transportation di Vado Ligure. Lo ha reso noto con un comunicato l&#8217;azienda, spiegando che con l&#8217;inizio del 2010 terminer\u00e0 il picco di produzione, e quindi il livello occupazionale torner\u00e0 alle unit\u00e0 impiegate prima del marzo 2008, quando Bombardier ricorse a lavoratori interinale e a tempo determinato in seguito alla alla sovrapposizione di due commesse in produzione, l&#8217;E464 ed il TRAXX DC per Renfe.<\/p>\n<p>Nella giornata di oggi si \u00e8 svolto l&#8217;incontro tra azienda ed RSU sindacale Bombardier ha comunque garantito che veranno internalizzate alcune produzione che prima veniva date in appalto all&#8217;esterno, dunque con la possibilit\u00e0 di riassorbire i lavoratori in esubero. Risultato: assunzione a tempo indeterminato di alcuni lavoratori oggi a tempo determinato,<br \/>\nl&#8217;assunzione dei lavoratori appartenenti  alle categorie protette,  oltre a consentire la quasi totalit\u00e0 delle proroghe per il 2010  del personale a tempo determinato ed il rinnovo, per alcuni mesi, per una parte consistente del personale con contratto di somministrazione.<\/p>\n<p>Dalla Bombardier sono arrivate rassicurazione anche per le successive necessit\u00e0 produttive: &#8220;Faremo ricorso all&#8217;esperienza  ed alle competenze gi\u00e0 maturate dal personale interinale nel corso della produzione straordinaria di questi ultimi anni&#8221;.<\/p>\n","protected":false},"excerpt":{"rendered":"<p>[thumb:13132:l]Vado Ligure. Niente ammortizzatori sociali per i lavoratori interinali della Bombardier Transportation di Vado Ligure. Lo ha reso noto con un comunicato l&#8217;azienda, spiegando che con l&#8217;inizio del 2010 terminer\u00e0 il picco di produzione, e quindi il livello occupazionale torner\u00e0 alle unit\u00e0 impiegate prima del marzo 2008, quando Bombardier ricorse a lavoratori interinale e a [&hellip;]<\/p>\n","protected":false},"author":4,"featured_media":0,"comment_status":"open","ping_status":"closed","sticky":false,"template":"","format":"standard","meta":{"footnotes":""},"categories":[35],"tags":[14596,2551,2677,3509,8929,325,5824,871,5302,2767,85979],"class_list":["post-80123","post","type-post","status-publish","format-standard","hentry","category-economia","tag-ammortizzatori-sociali","tag-appalto","tag-aria","tag-assicurazione","tag-azienda","tag-comuni","tag-contratto","tag-lavoratori","tag-nari","tag-personale","tag-vado-ligure","post_cat_citta-andora","post_cat_citta-vado-ligure"],"amp_validity":null,"amp_enabled":true,"_links":{"self":[{"href":"https:\/\/staging.ivg.it\/ediapi\/wp\/v2\/posts\/80123","targetHints":{"allow":["GET"]}}],"collection":[{"href":"https:\/\/staging.ivg.it\/ediapi\/wp\/v2\/posts"}],"about":[{"href":"https:\/\/staging.ivg.it\/ediapi\/wp\/v2\/types\/post"}],"author":[{"embeddable":true,"href":"https:\/\/staging.ivg.it\/ediapi\/wp\/v2\/users\/4"}],"replies":[{"embeddable":true,"href":"https:\/\/staging.ivg.it\/ediapi\/wp\/v2\/comments?post=80123"}],"version-history":[{"count":0,"href":"https:\/\/staging.ivg.it\/ediapi\/wp\/v2\/posts\/80123\/revisions"}],"wp:attachment":[{"href":"https:\/\/staging.ivg.it\/ediapi\/wp\/v2\/media?parent=80123"}],"wp:term":[{"taxonomy":"category","embeddable":true,"href":"https:\/\/staging.ivg.it\/ediapi\/wp\/v2\/categories?post=80123"},{"taxonomy":"post_tag","embeddable":true,"href":"https:\/\/staging.ivg.it\/ediapi\/wp\/v2\/tags?post=80123"}],"curies":[{"name":"wp","href":"https:\/\/api.w.org\/{rel}","templated":true}]}}