{"id":80106,"date":"2009-12-09T15:09:32","date_gmt":"2009-12-09T14:09:32","guid":{"rendered":"http:\/\/www.ivg.it\/2009\/12\/09\/albenga-tonarelli-ribadisce-importanza-dellacqua-come-bene-pubblico\/"},"modified":"2009-12-09T15:09:32","modified_gmt":"2009-12-09T14:09:32","slug":"albenga-tonarelli-ribadisce-importanza-dellacqua-come-bene-pubblico","status":"publish","type":"post","link":"https:\/\/staging.ivg.it\/2009\/12\/albenga-tonarelli-ribadisce-importanza-dellacqua-come-bene-pubblico\/","title":{"rendered":"Albenga, Tonarelli ribadisce importanza dell&#8217;acqua come bene pubblico"},"content":{"rendered":"<p><strong>[thumb:6295:l]Albenga<\/strong>. Nel Consiglio comunale di domani Albenga voter\u00e0 l&#8217;adesione all&#8217;Ato. Il consigliere comunale Carlo Tonarelli ha quindi voluto ribadire l&#8217;importanza che nello statuto comunale sia scritto che &#8220;l&#8217;acqua del servizio pubblico locale \u00e8 priva di rilevanza economica&#8221;. Per questa ragione Tonarelli presenter\u00e0 un ordine del giorno per far confermare al Consiglio Comunale che &#8220;l&#8217;acqua \u00e8 un diritto, \u00e8 un bene comune e pubblico che appartiene a tutti noi e non pu\u00f2 essere propriet\u00e0 di nessuno&#8221;.<\/p>\n","protected":false},"excerpt":{"rendered":"<p>[thumb:6295:l]Albenga. Nel Consiglio comunale di domani Albenga voter\u00e0 l&#8217;adesione all&#8217;Ato. Il consigliere comunale Carlo Tonarelli ha quindi voluto ribadire l&#8217;importanza che nello statuto comunale sia scritto che &#8220;l&#8217;acqua del servizio pubblico locale \u00e8 priva di rilevanza economica&#8221;. Per questa ragione Tonarelli presenter\u00e0 un ordine del giorno per far confermare al Consiglio Comunale che &#8220;l&#8217;acqua \u00e8 [&hellip;]<\/p>\n","protected":false},"author":13744,"featured_media":0,"comment_status":"open","ping_status":"closed","sticky":false,"template":"","format":"standard","meta":{"footnotes":""},"categories":[31],"tags":[1170,1870,3340,12046],"class_list":["post-80106","post","type-post","status-publish","format-standard","hentry","category-politica","tag-acqua","tag-ato","tag-carlo-tonarelli","tag-pubblico","post_cat_citta-albenga"],"amp_validity":null,"amp_enabled":true,"_links":{"self":[{"href":"https:\/\/staging.ivg.it\/ediapi\/wp\/v2\/posts\/80106","targetHints":{"allow":["GET"]}}],"collection":[{"href":"https:\/\/staging.ivg.it\/ediapi\/wp\/v2\/posts"}],"about":[{"href":"https:\/\/staging.ivg.it\/ediapi\/wp\/v2\/types\/post"}],"author":[{"embeddable":true,"href":"https:\/\/staging.ivg.it\/ediapi\/wp\/v2\/users\/13744"}],"replies":[{"embeddable":true,"href":"https:\/\/staging.ivg.it\/ediapi\/wp\/v2\/comments?post=80106"}],"version-history":[{"count":0,"href":"https:\/\/staging.ivg.it\/ediapi\/wp\/v2\/posts\/80106\/revisions"}],"wp:attachment":[{"href":"https:\/\/staging.ivg.it\/ediapi\/wp\/v2\/media?parent=80106"}],"wp:term":[{"taxonomy":"category","embeddable":true,"href":"https:\/\/staging.ivg.it\/ediapi\/wp\/v2\/categories?post=80106"},{"taxonomy":"post_tag","embeddable":true,"href":"https:\/\/staging.ivg.it\/ediapi\/wp\/v2\/tags?post=80106"}],"curies":[{"name":"wp","href":"https:\/\/api.w.org\/{rel}","templated":true}]}}