{"id":80072,"date":"2009-12-09T08:43:25","date_gmt":"2009-12-09T07:43:25","guid":{"rendered":"http:\/\/www.ivg.it\/2009\/12\/09\/andora-un-natale-in-blu\/"},"modified":"2009-12-09T13:11:19","modified_gmt":"2009-12-09T12:11:19","slug":"andora-un-natale-in-blu","status":"publish","type":"post","link":"https:\/\/staging.ivg.it\/2009\/12\/andora-un-natale-in-blu\/","title":{"rendered":"Andora: un Natale &#8220;in blu&#8221; tra cultura e divertimento"},"content":{"rendered":"<p>[thumb:1497:l]<strong>Andora<\/strong>. Un Natale in blu.Questo \u00e8 infatti il colore dello sfondo scelto dall&#8217;Assessorato al Turismo ed alla Cultura per la locandina che presenta le manifestazioni organizzate per il Natale di quest&#8217;anno.  &#8220;E&#8217; il colore del cielo e del mare, per cui \u00e8 anche quello scelto per festeggiare il Natale qui &#8211; fa sapere il sindaco Franco Floris -.<\/p>\n<p>Abbiamo organizzato una serie di iniziative di vari generi e tutte gratuite. A partire dal 27 dicembre offriremo una serie di concerti di musiche sacre e natalizie che toccheranno in un ideale percorso musicale tutte le Chiese della zona, dal centro alle localit\u00e0 pi\u00f9 caratteristiche di Andora, come Conna o San Pietro&#8221;.<\/p>\n<p>In particolare, si esibir\u00e0  il Coro dei Phonambuli, diretto da Maria Collien  in tre serate (27 dicembre, 1 e 5 gennaio &#8211; ore 20.30) con un repertorio di brani di autori classici come Vivaldi, Mozart e Haydn. Il Trio Alkemie formato da un soprano accompagnato da   chitarra e flauto suoner\u00e0 invece il 3 gennaio alle ore 21.00 con un repertorio di classici natalizi presso la Parrocchia di S. Andrea a Conna.<\/p>\n<p>&#8220;Non dimentichiamo poi l&#8217;esibizione di un grande artista e virtuoso dell&#8217;arpa &#8211; aggiunge il sindaco -. Vincenzo Zitello suoner\u00e0 infatti nella Sala Consiliare di Palazzo Tagliaferro in Largo Milano, luned\u00ec 28 dicembre alle ore 21.00. Durante questa serata sar\u00e0 possibile visitare la Mostra Picasso :  &#8220;Opere grafiche originali&#8221;, ospitata accanto alle  sale del museo mineralogico. Il pubblico presente avr\u00e0 perci\u00f2 un&#8217; occasione straordinaria: riempire le orecchie con i magici suoni dell&#8217;arpa ed appagare  la vista con le eccezionali opere del grande maestro Picasso&#8221;.<\/p>\n<p>La mostra rester\u00e0 aperta fino al 5 gennaio, anch&#8217;essa ad ingresso gratuito ogni pomeriggio festivi compresi dalle ore 15.00 alle 18.00, con chiusura il luned\u00ec ed il mercoled\u00ec. Restano invariati i tradizionali appuntamenti per grandi e piccini.  Sabato 2 gennaio si terr\u00e0 il mercatino dell&#8217;antiquariato in Via Roma.<br \/>\nIl 3 gennaio alle 15.00 ci sar\u00e0 la tombolata per tutti i bambini presso la Bocciofila di via Marco Polo, mentre il 6 gennaio si festegger\u00e0 l&#8217;Epifania con l&#8217;XI edizione del Cimento Invernale che come ogni anno rinnova a tutti i temerari l&#8217;appuntamento ai Bagni Tortuga alle ore 11.00. Nel pomeriggio arriver\u00e0 invece la Befana per gli adulti con l&#8217;annuale festa al Centro Sociale alle ore 15.<br \/>\n&#8220;Grande spazio alla cultura, quindi &#8211; conclude Floris &#8211; ma anche al divertimento spensierato che giustamente deve accompagnare queste giornate dedicate al relax ed agli affetti pi\u00f9 cari. Andora vi attende numerosi come sempre con grande simpatia&#8221;.<\/p>\n","protected":false},"excerpt":{"rendered":"<p>[thumb:1497:l]Andora. Un Natale in blu.Questo \u00e8 infatti il colore dello sfondo scelto dall&#8217;Assessorato al Turismo ed alla Cultura per la locandina che presenta le manifestazioni organizzate per il Natale di quest&#8217;anno. &#8220;E&#8217; il colore del cielo e del mare, per cui \u00e8 anche quello scelto per festeggiare il Natale qui &#8211; fa sapere il sindaco [&hellip;]<\/p>\n","protected":false},"author":5,"featured_media":0,"comment_status":"open","ping_status":"closed","sticky":false,"template":"","format":"standard","meta":{"footnotes":""},"categories":[],"tags":[85847,620,2791],"class_list":["post-80072","post","type-post","status-publish","format-standard","hentry","tag-andora","tag-concerti","tag-natale"],"amp_validity":null,"amp_enabled":true,"_links":{"self":[{"href":"https:\/\/staging.ivg.it\/ediapi\/wp\/v2\/posts\/80072","targetHints":{"allow":["GET"]}}],"collection":[{"href":"https:\/\/staging.ivg.it\/ediapi\/wp\/v2\/posts"}],"about":[{"href":"https:\/\/staging.ivg.it\/ediapi\/wp\/v2\/types\/post"}],"author":[{"embeddable":true,"href":"https:\/\/staging.ivg.it\/ediapi\/wp\/v2\/users\/5"}],"replies":[{"embeddable":true,"href":"https:\/\/staging.ivg.it\/ediapi\/wp\/v2\/comments?post=80072"}],"version-history":[{"count":0,"href":"https:\/\/staging.ivg.it\/ediapi\/wp\/v2\/posts\/80072\/revisions"}],"wp:attachment":[{"href":"https:\/\/staging.ivg.it\/ediapi\/wp\/v2\/media?parent=80072"}],"wp:term":[{"taxonomy":"category","embeddable":true,"href":"https:\/\/staging.ivg.it\/ediapi\/wp\/v2\/categories?post=80072"},{"taxonomy":"post_tag","embeddable":true,"href":"https:\/\/staging.ivg.it\/ediapi\/wp\/v2\/tags?post=80072"}],"curies":[{"name":"wp","href":"https:\/\/api.w.org\/{rel}","templated":true}]}}