{"id":79997,"date":"2009-12-05T18:20:07","date_gmt":"2009-12-05T17:20:07","guid":{"rendered":"http:\/\/www.ivg.it\/2009\/12\/05\/carcare-uomo-precipita-dal-balcone-non-e-in-pericolo-di-vita\/"},"modified":"2009-12-06T23:37:02","modified_gmt":"2009-12-06T22:37:02","slug":"carcare-uomo-precipita-dal-balcone-non-e-in-pericolo-di-vita","status":"publish","type":"post","link":"https:\/\/staging.ivg.it\/2009\/12\/carcare-uomo-precipita-dal-balcone-non-e-in-pericolo-di-vita\/","title":{"rendered":"Carcare, uomo precipita dal balcone: non \u00e8 in pericolo di vita"},"content":{"rendered":"<p><strong>[thumb:2563:l]Carcare<\/strong>. Un uomo, intorno alle 14,30 di questo pomeriggio, \u00e8 precipitato dal balcone di un&#8217;abitazione a Carcare. La caduta, provocata probabilmente dal cedimento della ringhiera del terrazzo (la dinamica resta per\u00f2 ancora da confermare), \u00e8 avvenuta dal primo piano del palazzo (circa 3-4 metri di volo).<\/p>\n<p>L&#8217;uomo \u00e8 stato immediatamente soccorso dal personale dell&#8217;automedica del 118 e dalla locale Croce Bianca e trasportato, in codice giallo, all&#8217;ospedale Santa Corona di Pietra Ligure per le cure e gli accertamenti del caso. Nonostante il brutto incidente l&#8217;uomo non \u00e8 in pericolo di vita.<\/p>\n","protected":false},"excerpt":{"rendered":"<p>[thumb:2563:l]Carcare. Un uomo, intorno alle 14,30 di questo pomeriggio, \u00e8 precipitato dal balcone di un&#8217;abitazione a Carcare. La caduta, provocata probabilmente dal cedimento della ringhiera del terrazzo (la dinamica resta per\u00f2 ancora da confermare), \u00e8 avvenuta dal primo piano del palazzo (circa 3-4 metri di volo). L&#8217;uomo \u00e8 stato immediatamente soccorso dal personale dell&#8217;automedica del [&hellip;]<\/p>\n","protected":false},"author":13744,"featured_media":0,"comment_status":"open","ping_status":"closed","sticky":false,"template":"","format":"standard","meta":{"footnotes":""},"categories":[34],"tags":[15636,1697,85852,309,7056],"class_list":["post-79997","post","type-post","status-publish","format-standard","hentry","category-cronaca","tag-balcone","tag-caduta","tag-carcare","tag-incidente","tag-uomo","post_cat_citta-carcare"],"amp_validity":null,"amp_enabled":true,"_links":{"self":[{"href":"https:\/\/staging.ivg.it\/ediapi\/wp\/v2\/posts\/79997","targetHints":{"allow":["GET"]}}],"collection":[{"href":"https:\/\/staging.ivg.it\/ediapi\/wp\/v2\/posts"}],"about":[{"href":"https:\/\/staging.ivg.it\/ediapi\/wp\/v2\/types\/post"}],"author":[{"embeddable":true,"href":"https:\/\/staging.ivg.it\/ediapi\/wp\/v2\/users\/13744"}],"replies":[{"embeddable":true,"href":"https:\/\/staging.ivg.it\/ediapi\/wp\/v2\/comments?post=79997"}],"version-history":[{"count":0,"href":"https:\/\/staging.ivg.it\/ediapi\/wp\/v2\/posts\/79997\/revisions"}],"wp:attachment":[{"href":"https:\/\/staging.ivg.it\/ediapi\/wp\/v2\/media?parent=79997"}],"wp:term":[{"taxonomy":"category","embeddable":true,"href":"https:\/\/staging.ivg.it\/ediapi\/wp\/v2\/categories?post=79997"},{"taxonomy":"post_tag","embeddable":true,"href":"https:\/\/staging.ivg.it\/ediapi\/wp\/v2\/tags?post=79997"}],"curies":[{"name":"wp","href":"https:\/\/api.w.org\/{rel}","templated":true}]}}