{"id":79993,"date":"2009-12-05T17:10:08","date_gmt":"2009-12-05T16:10:08","guid":{"rendered":"http:\/\/www.ivg.it\/2009\/12\/05\/nel-2020-saranno-almeno-10-mila-gli-ultracentenari-in-italia\/"},"modified":"2009-12-05T17:10:08","modified_gmt":"2009-12-05T16:10:08","slug":"nel-2020-saranno-almeno-10-mila-gli-ultracentenari-in-italia","status":"publish","type":"post","link":"https:\/\/staging.ivg.it\/2009\/12\/nel-2020-saranno-almeno-10-mila-gli-ultracentenari-in-italia\/","title":{"rendered":"Nel 2020 saranno almeno 10 mila gli ultracentenari in Italia"},"content":{"rendered":"<p>[thumb:13113:l]Gli ultracentenari italiani saranno almeno diecimila nel 2020. La stima \u00e8 stata fatta dal presidente della Federazione Nazionale degli Ordini dei Medici, Aldo Pagni, oggi a Genova a margine del convegno nazionale &#8220;Etica, Medicina ed Economia: Il fenomeno dell&#8217;eccesso di prestazioni&#8221; organizzato dal Rotary Club. &#8220;I cittadini italiani stanno vivendo sempre pi\u00f9 il sogno faustiano dell&#8217;immortalit\u00e0 &#8211; ha detto Pagni a Genova, che \u00e8 la citt\u00e0 pi\u00f9 anziana d&#8217;Italia &#8211; non si devono ammalare, non devono morire, non devono soffrire, devono vivere pi\u00f9 a lungo&#8221;.<\/p>\n<p>&#8220;Ora le famiglie dei novantenni che stanno poco bene, a noi medici chiedono: ma c&#8217;\u00e9 pericolo? Ora dico, una volta superare i cent&#8217;anni era un traguardo irragiungibile, raggiunto davvero da pochi. Ora \u00e8 raggiunto da molte persone. Questo fatto pone nuovi problemi e questioni alla medicina&#8221; ha concluso Pagni.<\/p>\n","protected":false},"excerpt":{"rendered":"<p>[thumb:13113:l]Gli ultracentenari italiani saranno almeno diecimila nel 2020. La stima \u00e8 stata fatta dal presidente della Federazione Nazionale degli Ordini dei Medici, Aldo Pagni, oggi a Genova a margine del convegno nazionale &#8220;Etica, Medicina ed Economia: Il fenomeno dell&#8217;eccesso di prestazioni&#8221; organizzato dal Rotary Club. &#8220;I cittadini italiani stanno vivendo sempre pi\u00f9 il sogno faustiano [&hellip;]<\/p>\n","protected":false},"author":13744,"featured_media":0,"comment_status":"open","ping_status":"closed","sticky":false,"template":"","format":"standard","meta":{"footnotes":""},"categories":[34],"tags":[937,1921],"class_list":["post-79993","post","type-post","status-publish","format-standard","hentry","category-cronaca","tag-anziani","tag-italia","post_cat_citta-andora"],"amp_validity":null,"amp_enabled":true,"_links":{"self":[{"href":"https:\/\/staging.ivg.it\/ediapi\/wp\/v2\/posts\/79993","targetHints":{"allow":["GET"]}}],"collection":[{"href":"https:\/\/staging.ivg.it\/ediapi\/wp\/v2\/posts"}],"about":[{"href":"https:\/\/staging.ivg.it\/ediapi\/wp\/v2\/types\/post"}],"author":[{"embeddable":true,"href":"https:\/\/staging.ivg.it\/ediapi\/wp\/v2\/users\/13744"}],"replies":[{"embeddable":true,"href":"https:\/\/staging.ivg.it\/ediapi\/wp\/v2\/comments?post=79993"}],"version-history":[{"count":0,"href":"https:\/\/staging.ivg.it\/ediapi\/wp\/v2\/posts\/79993\/revisions"}],"wp:attachment":[{"href":"https:\/\/staging.ivg.it\/ediapi\/wp\/v2\/media?parent=79993"}],"wp:term":[{"taxonomy":"category","embeddable":true,"href":"https:\/\/staging.ivg.it\/ediapi\/wp\/v2\/categories?post=79993"},{"taxonomy":"post_tag","embeddable":true,"href":"https:\/\/staging.ivg.it\/ediapi\/wp\/v2\/tags?post=79993"}],"curies":[{"name":"wp","href":"https:\/\/api.w.org\/{rel}","templated":true}]}}