{"id":79977,"date":"2009-12-05T11:28:44","date_gmt":"2009-12-05T10:28:44","guid":{"rendered":"http:\/\/www.ivg.it\/2009\/12\/05\/savona-ordine-dei-medici-progetto-insediamenti-ex-parco-doria-a-rischio-salute-dei-savonesi\/"},"modified":"2009-12-05T16:19:27","modified_gmt":"2009-12-05T15:19:27","slug":"savona-ordine-dei-medici-progetto-insediamenti-ex-parco-doria-a-rischio-salute-dei-savonesi","status":"publish","type":"post","link":"https:\/\/staging.ivg.it\/2009\/12\/savona-ordine-dei-medici-progetto-insediamenti-ex-parco-doria-a-rischio-salute-dei-savonesi\/","title":{"rendered":"Savona, Ordine dei Medici: &#8220;Progetto ex Parco Doria: a rischio salute dei savonesi&#8221;"},"content":{"rendered":"<p>[thumb:14475:l]<strong>Savona<\/strong>. L&#8217;Ordine dei Medici, in merito al progetto di insediamenti all&#8217;ex Parco Doria, esprime in un comunicato le sue preoccupazioni. In particolare, gli esperti mettono in guardia i cittadini di Savona per quello che definiscono &#8220;un grave rischio alla salute dovuto alle conseguenze del progetto&#8221;.<\/p>\n<p>E spiegano: &#8220;Innanzitutto \u00e8 necessaria la contestualizzazione dell&#8217;area in cui questi interventi si vanno a inserire. Secondo il Piano Regionale per la qualit\u00e0 dell&#8217;aria della Regione Liguria del 2006, la citt\u00e0 di Savona presenta criticit\u00e0 per: Benzene, ossidi di azoto, PM 10, Ozono. Secondo le linee guida OMS del 2006 i limiti delle concentrazioni atmosferiche di PM10 e PM 2,5 dovrebbero essere di molto abbassati rispetto agli attuali stabiliti dal DM 60\/2002, che gi\u00e0 a Savona risultano spesso superati.<\/p>\n<p>In particolare in citt\u00e0 non esistono stazioni di monitoraggio dell&#8217;inquinamento di tipo industriale, pur essendo sede la citt\u00e0 di industrie particolarmente inquinanti, prima fra tutte la centrale a carbone e gas naturale che sorge a una manciata di chilometri in linea d&#8217;aria dall&#8217;ex Parco Doria. Il secondo punto riguarda l&#8217;inquinamento da traffico veicolare. Il previsto alleggerimento del traffico veicolare a nord delle abitazioni di via Stalingrado sar\u00e0 controbilanciato da un forte aumento del traffico pesante lungo la nuova strada a sud, che comporter\u00e0, un maggiore impatto sulla popolazione residente al centro di queste due arterie di traffico con maggiori rischi d&#8217; inquinamento protratto.<\/p>\n<p>La rampa sopraelevata a servizio del traffico pesante dell&#8217;insediamento produttivo, indurr\u00e0 un aggravio notevole dell&#8217;inquinamento da particolato diesel incombusto dei motori dei camion, classificato come sostanza cancerogena certa dallo IARC. Inoltre, in una provincia in cui si produce 5 volte pi\u00f9 energia di quanta se ne consumi, una centrale di microgenerazione inserita in un ambiente, come l&#8217;attuale insediamento di Via Stalingrado, in cui aria, acqua<br \/>\ne suolo sono gi\u00e0 fortemente degradati, andrebbe ad aggravare ulteriormente una situazione che invece<br \/>\nsi auspica possa essere alleggerita.<br \/>\nIn conclusione, ammassare grandi quantit\u00e0 di terreno contaminato a ridosso degli edifici per la costruzione della<br \/>\nstrada sopraelevata, incrementare ulteriormente il traffico veicolare per il centro commerciale, impiantare una centrale di micro generazione, determiner\u00e0 un inevitabile incremento del rischio per la salute dei cittadini&#8221;.<\/p>\n","protected":false},"excerpt":{"rendered":"<p>[thumb:14475:l]Savona. L&#8217;Ordine dei Medici, in merito al progetto di insediamenti all&#8217;ex Parco Doria, esprime in un comunicato le sue preoccupazioni. In particolare, gli esperti mettono in guardia i cittadini di Savona per quello che definiscono &#8220;un grave rischio alla salute dovuto alle conseguenze del progetto&#8221;. E spiegano: &#8220;Innanzitutto \u00e8 necessaria la contestualizzazione dell&#8217;area in cui [&hellip;]<\/p>\n","protected":false},"author":5,"featured_media":0,"comment_status":"open","ping_status":"closed","sticky":false,"template":"","format":"standard","meta":{"footnotes":""},"categories":[],"tags":[3907,10965,1244,86037,85850,15617,592],"class_list":["post-79977","post","type-post","status-publish","format-standard","hentry","tag-cittadini","tag-parco-doria","tag-progetto","tag-salute","tag-savona","tag-smog","tag-traffico","post_cat_citta-savona"],"amp_validity":null,"amp_enabled":true,"_links":{"self":[{"href":"https:\/\/staging.ivg.it\/ediapi\/wp\/v2\/posts\/79977","targetHints":{"allow":["GET"]}}],"collection":[{"href":"https:\/\/staging.ivg.it\/ediapi\/wp\/v2\/posts"}],"about":[{"href":"https:\/\/staging.ivg.it\/ediapi\/wp\/v2\/types\/post"}],"author":[{"embeddable":true,"href":"https:\/\/staging.ivg.it\/ediapi\/wp\/v2\/users\/5"}],"replies":[{"embeddable":true,"href":"https:\/\/staging.ivg.it\/ediapi\/wp\/v2\/comments?post=79977"}],"version-history":[{"count":0,"href":"https:\/\/staging.ivg.it\/ediapi\/wp\/v2\/posts\/79977\/revisions"}],"wp:attachment":[{"href":"https:\/\/staging.ivg.it\/ediapi\/wp\/v2\/media?parent=79977"}],"wp:term":[{"taxonomy":"category","embeddable":true,"href":"https:\/\/staging.ivg.it\/ediapi\/wp\/v2\/categories?post=79977"},{"taxonomy":"post_tag","embeddable":true,"href":"https:\/\/staging.ivg.it\/ediapi\/wp\/v2\/tags?post=79977"}],"curies":[{"name":"wp","href":"https:\/\/api.w.org\/{rel}","templated":true}]}}