{"id":79874,"date":"2009-12-03T15:26:07","date_gmt":"2009-12-03T14:26:07","guid":{"rendered":"http:\/\/www.ivg.it\/2009\/12\/03\/loano-incanti-di-natale-ecco-il-programma-completo-delle-manifestazioni\/"},"modified":"2009-12-03T15:26:07","modified_gmt":"2009-12-03T14:26:07","slug":"loano-incanti-di-natale-ecco-il-programma-completo-delle-manifestazioni","status":"publish","type":"post","link":"https:\/\/staging.ivg.it\/2009\/12\/loano-incanti-di-natale-ecco-il-programma-completo-delle-manifestazioni\/","title":{"rendered":"Loano, &#8220;Incanti di Natale&#8221;: ecco il programma completo delle manifestazioni"},"content":{"rendered":"<p><strong>[thumb:9826:l]Loano<\/strong>. Con l&#8217;accensione dell&#8217;illuminazione artistica, venerd\u00ec 4 dicembre, a Loano si dar\u00e0 ufficialmente il via a &#8220;Incanti di Natale&#8221;, il ricco programma di manifestazioni promosso dall&#8217;assessorato al turismo e alla cultura del Comune di Loano. Concerti, presepi, mercatini di natale e di artigianato artistico, presentazioni di libri accompagneranno le feste di natale e di fine anno, insieme al tuffo in mare e allo spettacolo pirotecnico.<\/p>\n<p>Venerd\u00ec 4 dicembre, la rassegna &#8220;Libri sotto l&#8217;albero&#8221;, dar\u00e0 il via al programma di manifestazioni del natale loanese 2009. Alle ore 21, nella Civica Biblioteca (Palazzo Kursaal), l&#8217;appuntamento dedicato alla Liguria e agli autori liguri, curata da Graziella Frasca Gallo, ospiter\u00e0 l&#8217;autore Marco Alberti che presenter\u00e0 il volume &#8220;Fiori del mare in Liguria&#8221;. La rassegna letteraria proseguir\u00e0 con altri due incontri. venerdi 11 dicembre sar\u00e0 presentato il libro &#8220;La badessa di Chiavari&#8221; di Mario Dentone, un romanzo storico avvincente ed appassionante, legato al XIII secolo, alla societ\u00e0 di quel tempo ed al ruolo (spesso ingrato) delle donne in quell&#8217;epoca. L&#8217;appuntamento con i &#8220;Libri sotto l&#8217;albero&#8221; si chiuder\u00e0 venerd\u00ec 18 dicembre con l&#8217;ultimo riuscitissimo giallo della scrittrice albenganese Cristina Rava &#8220;Come i tulipani gialli&#8221;, in cui si mescolano intrighi internazionali e la quiete (solo apparente) delle cittadine del ponente ligure.<\/p>\n<p>Sabato 5 dicembre, proseguir\u00e0 la rassegna &#8220;Far..Sfogliando in Biblioteca&#8221; dedicata alla promozione della lettura per i bambini. Alle 16 in Biblioteca sar\u00e0 presentato il genere della &#8220;filastrocca&#8221; con una performance di danze e canti. Saranno, poi, lette filastrocche di G. Rodari e R. Piumini, si giocher\u00e0 con le rime, e i bambini saranno accompagnati nella scrittura di una filastrocca. La rassegna si chiuder\u00e0 il 12 dicembre con un appuntamento dedicato al &#8220;testo narrativo&#8221;. Sar\u00e0 letta una favola e un racconto con drammatizzazione di burattini e marionette, e poi i bambini saranno avviati alla scrittura di un testo partendo  dal disegno.<\/p>\n<p>Marted\u00ec 22 dicembre, sempre sul tema della promozione della lettura tra i pi\u00f9 piccini, si svolger\u00f2 l&#8217;iniziativa &#8220;Ragazzi con la Valigia&#8221;. Alle ore 17 i ragazzi della scuola secondaria di primo grado si muoveranno per le vie della citt\u00e0 e in alcuni punti del centro storico si fermeranno, apriranno i loro bagagli pieni di libri ed inizieranno a raccontare,  leggere,  recitare storie, fiabe e poesie di culture diverse, che avranno come tema l&#8217;inverno e la neve. Le letture si svolgeranno nei Giardini San Josemaria Escriv\u00e0, in piazza Rocca, nella Piazzetta Vittorio Veneto e nello Slargo Carrara.<\/p>\n<p>Si preannuncia molto ricco anche il calendario di appuntamenti con concerti e cori natalizi nelle chiese di Loano. Marted\u00ec 8 dicembre, si terr\u00e0 il primo dei concerti, nella Chiesa S. M. Immacolata, alle ore 11 si svolger\u00e0 la Santa Messa musicata dal Corpo Bandistico S. M. Immacolata diretta dal Maestro Valerio Civano. Sar\u00e0 eseguita l&#8217;Europa Messe, per Orchestra di Fiati di Franz Von Nagel, il Canterbury Chorale di Jan Van der Roost e l&#8217;Intermezzo Sinfonico Pietro Mascagni.<\/p>\n<p>La rassegna musicale, che tocca i luoghi di culto loanesi, proseguir\u00e0 sabato 19 dicembre, alle ore 21, nella Chiesa di San Giovanni Battista, con il &#8220;Canti nel Natale&#8221; eseguito dall&#8217;Orchestra Sinfonica di Sanremo con il Coro Musica Nova e il Coro West Wind Souls diretti dal maestro Marco Zuccarini. Marted\u00ec 22 dicembre, la musica entrer\u00e0 nella Residenza Protetta &#8220;A. Ramella&#8221; dove alle ore 15,30 nella Cappella si svolger\u00e0 il &#8220;Concerto di Natale&#8221; con &#8220;Gunbu de Loa &#8211; Verzi&#8221;.<\/p>\n<p>Mercoled\u00ec 23 dicembre, alle ore 21, nella Chiesa di Sant&#8217;Agostino si svolger\u00e0 il concerto del Coro Lirico Monteverdi, diretto dal maestro Giuseppe Tardito.<br \/>\nDomenica 27 dicembre, la rassegna musicale si sposter\u00e0 nell&#8217; Oratorio di N.S del SS. Rosario, dove si svolger\u00e0 l&#8217;ultimo concerto della rassegna &#8220;Le musiche dell&#8217;anima&#8221;. Alle ore 17.00, il Coro Polifonico Lux Fulgebit di Teolo eseguir\u00e0 la &#8220;Petite Messe Solennelle&#8221; di G. Rossini.  Il concerto diretto dal Maestro Annalisa Attanasi vedr\u00e0 la presenza del Soprano, Luisa Giannini, del tenore, Flavio Leite, del mezzo soprano, Michela Bregantin del basso, Mirco Quarello. L&#8217;accompagnamento musicale sar\u00e0 affidato al pianista, Gloria Gili e all&#8217;Harmonium di Marco Gaggini.<br \/>\nLuned\u00ec 28 dicembre, alle ore 21.00, nella Chiesa Sant&#8217; Agostino, il Coro Polifonico Citt\u00e0 di Loano presenter\u00e0 il concerto vocale natalizio, diretto da Silvano De Matteis.  Interpreti solisti saranno i tenori Gianni Traverso e Mattia Pelosi, accompagnati dalla pianista Anita Frumento.<br \/>\nLa rassegna che tocca le chiese loanesi si chiuder\u00e0 Sabato 2 gennaio con il Concerto di Musica Antica, diretto dal Maestro Valerio Civano, che si svolger\u00e0 dalle ore 21.00 nella Chiesa Madonna del Loreto.<\/p>\n<p>Non mancher\u00e0 nel programma natalizio l&#8217;attesissimo &#8220;Concerto delle feste&#8221; della Fondazione Orchestra Sinfonica di Sanremo, che quest&#8217;anno suoner\u00e0 il primo giorno dell&#8217;anno. Venerd\u00ec 1 gennaio, alle ore 21.00, nel Bocciodromo, in Via Alba, l&#8217;orchestra sanremese presenter\u00e0 il concerto &#8220;Valzer e &#8230;&#8221; diretto dal Maestro Marco Zuccarini. La musica sar\u00e0 protagonista anche domenica 20 dicembre, alle ore 15,30, in Piazza Rocca, con &#8220;Shopping in Musica&#8221;, il 2 gennaio, alle ore 21 nel Bocciodromo con l&#8217;iniziativa &#8220;Musica e allegria con il Gunbu de Loa&#8221; e il 3 gennaio con la serata &#8220;Concerto per Alessandra&#8230;.per non dimenticarla&#8221;, concerto rock con Grace, Lamberts, Kalamazoo, Joseph Colato. La serata, ad ingresso libero, si propone di raccogliere fondi a favore dell&#8217;Admo-Loano, sezione Alessandra Mazza.<\/p>\n<p>Marted\u00ec 8 dicembre, Piazza Massena, si svolger\u00e0 Artigianalmente Natale &#8211; Mestieri in Piazza, mercatino natalizio dell&#8217;artigianato e degli artisti. Dalle ore 12.30, la piazza si animer\u00e0 con la presenza di tanti piccoli &#8220;laboratori a cielo aperto&#8221; dove artisti-artigiani lavoreranno direttamente davanti al pubblico, portando in piazza la creativit\u00e0 e l&#8217;abilit\u00e0 artigiana che produce originali manufatti. Gli artigiani saranno presenti con idee regalo uniche ed inimitabili anche dal 19 dicembre ed il 2 e 3 gennaio 2010. Domenica 13 dicembre sar\u00e0 la volta del mercatino &#8220;A Loa chi cerca trova&#8221; in programma dalle ore 7 alle ore 23 in Corso Europa e Gioved\u00ec 17 dicembre alle ore ore 15, in Piazza Rocca si svolger\u00e0 il &#8220;Mercatino di Natale&#8221; delle scuole loanesi.<\/p>\n<p>Luned\u00ec 28 dicembre, alle ore 10, nei Bagni Nettuno, si svolger\u00e0 la XXIII^ edizione del Cimento Invernale di Nuoto, manifestazione che ogni anno accoglie gli sportivi pi\u00f9 coraggiosi. Nello specchio acqueo antistante i Bagni Nettuno gli appassionati cimentisti si metteranno alla prova affrontando il tradizionale &#8220;tuffo in mare&#8221; di fine anno. La festa in riva al mare sar\u00e0 accompagnata dall&#8217;animazione musicale che aiuter\u00e0 i cimentasti nell&#8217;attivit\u00e0 di riscaldamento prima del tuffo in mare.<\/p>\n<p>Infine, venerd\u00ec 1 gennaio, Loano dar\u00e0 il benvenuto al nuovo anno con gli spettacolari fuochi d&#8217;artificio, che illumineranno il cielo, sul Molo Kursaal, a partire dalle ore 17. Completano il programma delle festivit\u00e0 natalizie gli appuntamenti sportivi promossi dall&#8217;assessorato allo Sport del Comune di Loano. Sabato 5 dicembre, dalle ore 20,30, nel Palazzetto dello sport, si svolger\u00e0 la sesta edizione del Memorial Mimmo Polizzano, manifestazione di arti da combattimento organizzato dal Team Polizzano Perlungher di Loano, che presenter\u00e0 il SUPER MATCH di Muay Thai Professionisti e il torneo di K1style Maschile e Femminile.<\/p>\n<p>Sabato 12 e domenica 13 dicembre, nel Campo sportivo G. Ellena si svolger\u00e0 l&#8217;iniziativa Voglia di Football, camp tecnico pratico promosso dalla federazione italiana di american football, a cura della Societa&#8217; Sportiva &#8220;Team Pirates Savona&#8221;. Sempre il 12 e 13 dicembre nel Palazzetto dello Sport, si svolger\u00e0 il Torneo di Basket &#8220;Elio Garassini&#8221; riservato alla categoria giovanile Under 13 maschile, organizzato dalla Societ\u00e0 Sportiva &#8220;Loano Basket&#8221;.<\/p>\n<p>Luned\u00ec 28 e mercoled\u00ec 30 dicembre,  il Palazzetto dello Sport, ospiter\u00e0 il Torneo di Calcetto &#8220;Citt\u00e0 di Loano&#8221; &#8211; 27\u00b0 Memorial &#8220;E. Mussi&#8221;, riservato alla categoria Pulcini 1998, organizzato dalla Societ\u00e0 Sportiva &#8220;A. C. Loanesi S. Francesco&#8221; di Loano. Mercoled\u00ec 6 gennaio, lo &#8220;Spettacolo Biketrial 100% Brumotti&#8221; chiuder\u00e0 il programma degli eventi sportivi delle feste. Alle ore 15.00, in Piazza Italia, si svolger\u00e0 l&#8217;esibizione di Vittorio Brumotti con Andrea Oddone e Andrea Marchi.<\/p>\n","protected":false},"excerpt":{"rendered":"<p>[thumb:9826:l]Loano. Con l&#8217;accensione dell&#8217;illuminazione artistica, venerd\u00ec 4 dicembre, a Loano si dar\u00e0 ufficialmente il via a &#8220;Incanti di Natale&#8221;, il ricco programma di manifestazioni promosso dall&#8217;assessorato al turismo e alla cultura del Comune di Loano. Concerti, presepi, mercatini di natale e di artigianato artistico, presentazioni di libri accompagneranno le feste di natale e di fine [&hellip;]<\/p>\n","protected":false},"author":13744,"featured_media":0,"comment_status":"open","ping_status":"closed","sticky":false,"template":"","format":"standard","meta":{"footnotes":""},"categories":[32],"tags":[86171,15532,85827,3767],"class_list":["post-79874","post","type-post","status-publish","format-standard","hentry","category-sport","tag-comune-di-loano","tag-incanti-di-natale","tag-loano","tag-manifestazioni","post_cat_citta-loano"],"amp_validity":null,"amp_enabled":true,"_links":{"self":[{"href":"https:\/\/staging.ivg.it\/ediapi\/wp\/v2\/posts\/79874","targetHints":{"allow":["GET"]}}],"collection":[{"href":"https:\/\/staging.ivg.it\/ediapi\/wp\/v2\/posts"}],"about":[{"href":"https:\/\/staging.ivg.it\/ediapi\/wp\/v2\/types\/post"}],"author":[{"embeddable":true,"href":"https:\/\/staging.ivg.it\/ediapi\/wp\/v2\/users\/13744"}],"replies":[{"embeddable":true,"href":"https:\/\/staging.ivg.it\/ediapi\/wp\/v2\/comments?post=79874"}],"version-history":[{"count":0,"href":"https:\/\/staging.ivg.it\/ediapi\/wp\/v2\/posts\/79874\/revisions"}],"wp:attachment":[{"href":"https:\/\/staging.ivg.it\/ediapi\/wp\/v2\/media?parent=79874"}],"wp:term":[{"taxonomy":"category","embeddable":true,"href":"https:\/\/staging.ivg.it\/ediapi\/wp\/v2\/categories?post=79874"},{"taxonomy":"post_tag","embeddable":true,"href":"https:\/\/staging.ivg.it\/ediapi\/wp\/v2\/tags?post=79874"}],"curies":[{"name":"wp","href":"https:\/\/api.w.org\/{rel}","templated":true}]}}