{"id":79752,"date":"2009-12-01T14:32:32","date_gmt":"2009-12-01T13:32:32","guid":{"rendered":"http:\/\/www.ivg.it\/2009\/12\/01\/varazze-incontro-sullacqua-restano-le-divisioni\/"},"modified":"2009-12-01T14:32:32","modified_gmt":"2009-12-01T13:32:32","slug":"varazze-incontro-sullacqua-restano-le-divisioni","status":"publish","type":"post","link":"https:\/\/staging.ivg.it\/2009\/12\/varazze-incontro-sullacqua-restano-le-divisioni\/","title":{"rendered":"Varazze, incontro sull&#8217;acqua: restano le divisioni"},"content":{"rendered":"<p><strong>[thumb:712:l]Varazze.<\/strong> Il tema dell&#8217;acqua \u00e8 stato al centro dell&#8217;incontro che si \u00e8 svolto ieri sera a Varazze alla presenza di Roberto Melone, Forum per l&#8217;acqua pubblica, il sindaco Giovanni Delfino , l&#8217;assessore Schiappapietra, la capogruppo M. Dagnino di &#8220;Cittadini per Varazze&#8221; per l&#8217;opposizione, l&#8217;assessore regionale Franco Zunino e vari rappresentanti di altre associazioni, locali e non.<\/p>\n<p>La necessit\u00e0 di preservare l&#8217;acqua come bene pubblico \u00e8 stata riconosciuta dagli amministratori di maggioranza come cosa logica e gi\u00e0 prevista dalla legge, in quanto l&#8217;acqua \u00e8 un bene demaniale inalienabile ed indiponibile.<\/p>\n<p>Resta la differenza di posizioni circa la gestione del servizio idrico: mentre il Forum, il gruppo &#8220;Gente Comune&#8221; e l&#8217;opposizione in genere chiedono il riconoscimento formale nello Statuto del Comune con l&#8217;impossibilit\u00e0 da parte del privato di lucrare sulla gestione dell&#8217;acqua, la maggioranza di centro destra propone di istituire un ente a s\u00e8 all&#8217;interno e nel rispetto all&#8217;ATO provinciale, con i soli comuni limitrofi, con una sola vigilanza pubblica sulla sua corretta gestione. Una posizione che verr\u00e0 affrontata anche nel prossimo consiglio comunale, nel quale sar\u00e0 data la possibilt\u00e0 ad un esperto in materia del Forum di relazionare la cittadinanza.<\/p>\n<p>L&#8217;assessore Zunino ha reso noto che anche la Regione Liguria ha proposto ricorso alla Corte Costituzionale in merito alla legge di privatizzazione e si riserva di proporne un altro <a href=\"http:\/\/www.ivg.it\/2009\/11\/30\/regione-zunino-acqua-del-rubinetto-e-buona-per-salute-e-ambiente\/\">http:\/\/www.ivg.it\/2009\/11\/30\/regione-zunino-acqua-del-rubinetto-e-buona-per-salute-e-ambiente\/<\/a> .<\/p>\n<p>&#8220;Cittadini per Varazze&#8221; ha illustrato uno studio universitario che evidenzia come non vi siano significative differenze tra la gestione privata e quella pubblica in termini di efficenza ed oculata amministrazione. L&#8217;unica vera differenza \u00e8 data dalla azione &#8220;finanziaria&#8221; dei due tipi di societ\u00e0, molto presente in quella di natura privatistica, in quanto rivolta per definizione al profitto.<\/p>\n","protected":false},"excerpt":{"rendered":"<p>[thumb:712:l]Varazze. Il tema dell&#8217;acqua \u00e8 stato al centro dell&#8217;incontro che si \u00e8 svolto ieri sera a Varazze alla presenza di Roberto Melone, Forum per l&#8217;acqua pubblica, il sindaco Giovanni Delfino , l&#8217;assessore Schiappapietra, la capogruppo M. Dagnino di &#8220;Cittadini per Varazze&#8221; per l&#8217;opposizione, l&#8217;assessore regionale Franco Zunino e vari rappresentanti di altre associazioni, locali e [&hellip;]<\/p>\n","protected":false},"author":1385,"featured_media":0,"comment_status":"open","ping_status":"closed","sticky":false,"template":"","format":"standard","meta":{"footnotes":""},"categories":[31],"tags":[9585,4142,186,3058,1058,8762,7199,3433,1546,375,295,223,8461,85999,85868],"class_list":["post-79752","post","type-post","status-publish","format-standard","hentry","category-politica","tag-acqua-pubblica","tag-cittadini-per-varazze","tag-consiglio-comunale","tag-corte-costituzionale","tag-franco-zunino","tag-gente-comune","tag-giovanni-delfino","tag-ivgit","tag-opposizione","tag-provincia","tag-regione","tag-regione-liguria","tag-regione-liguria-2","tag-sindaco","tag-varazze","post_cat_citta-andora","post_cat_citta-varazze"],"amp_validity":null,"amp_enabled":true,"_links":{"self":[{"href":"https:\/\/staging.ivg.it\/ediapi\/wp\/v2\/posts\/79752","targetHints":{"allow":["GET"]}}],"collection":[{"href":"https:\/\/staging.ivg.it\/ediapi\/wp\/v2\/posts"}],"about":[{"href":"https:\/\/staging.ivg.it\/ediapi\/wp\/v2\/types\/post"}],"author":[{"embeddable":true,"href":"https:\/\/staging.ivg.it\/ediapi\/wp\/v2\/users\/1385"}],"replies":[{"embeddable":true,"href":"https:\/\/staging.ivg.it\/ediapi\/wp\/v2\/comments?post=79752"}],"version-history":[{"count":0,"href":"https:\/\/staging.ivg.it\/ediapi\/wp\/v2\/posts\/79752\/revisions"}],"wp:attachment":[{"href":"https:\/\/staging.ivg.it\/ediapi\/wp\/v2\/media?parent=79752"}],"wp:term":[{"taxonomy":"category","embeddable":true,"href":"https:\/\/staging.ivg.it\/ediapi\/wp\/v2\/categories?post=79752"},{"taxonomy":"post_tag","embeddable":true,"href":"https:\/\/staging.ivg.it\/ediapi\/wp\/v2\/tags?post=79752"}],"curies":[{"name":"wp","href":"https:\/\/api.w.org\/{rel}","templated":true}]}}