{"id":79687,"date":"2009-11-30T13:02:42","date_gmt":"2009-11-30T12:02:42","guid":{"rendered":"http:\/\/www.ivg.it\/2009\/11\/30\/albenga-in-funzione-limpianto-eolico-presto-anche-un-pannello-solare\/"},"modified":"2009-11-30T15:28:24","modified_gmt":"2009-11-30T14:28:24","slug":"albenga-in-funzione-limpianto-eolico-presto-anche-un-pannello-solare","status":"publish","type":"post","link":"https:\/\/staging.ivg.it\/2009\/11\/albenga-in-funzione-limpianto-eolico-presto-anche-un-pannello-solare\/","title":{"rendered":"Albenga, in funzione l&#8217;impianto eolico presto anche un pannello solare"},"content":{"rendered":"<p><strong>[thumb:15343:l]Albenga<\/strong>. E&#8217; dal 2000 che la Liguria ha iniziato ad investire nella realizzazione di impianti eolici. La settimana scorsa \u00e8 stato il Comune di Cairo ad inaugurare il &#8220;suo&#8221; parco eolico e oggi \u00e8 stato invece il Comune di Albenga invece a comunicare che \u00e8 entrato in funzione l&#8217;impianto mini eolico di Campochiesa. La citt\u00e0 di Albenga infatti \u00e8 sempre stata particolarmente sensibile alle politiche ambientali ed \u00e8 anche dotata di Certificazione Europea E.E.A. e del &#8220;Quality Management System&#8221;.<\/p>\n<p>L&#8217;amministrazione comunale aveva quindi partecipato al bando della Regione Liguria per l&#8217;assegnazione di contributi relativi alla costruzione di impianti di energie da fonti rinnovabili, ed \u00e8 stata inserita nella graduatoria regionale per l&#8217;assegnazione di un contributo di 8.920 euro pari al 40% del costo totale per la costruzione di un impianto mini eolico. L&#8217;impianto eolico di Albenga, di potenza nominale pari a 6,0 KW, \u00e8 stato installato presso il magazzino comunale in localit\u00e0 Rapalline, frazione Campochiesa.<\/p>\n<p>L&#8217;impianto \u00e8 costituito da un aerogeneratore ad asse orizzontale dotato di rotore a due pale, montato su di un palo di sostegno di circa 12 metri di altezza, un generatore elettrico sincrono a magneti permanenti, un convertitore per il collegamento in rete dell&#8217;impianto. E&#8217; destinato a produrre energia elettrica in collegamento alla rete elettrica di distribuzione di bassa tensione, in corrente alternata monofase. L&#8217;energia generata verr\u00e0 assoggettata al regime di scambio, in conformit\u00e0 alla deliberazione n. 28\/2006 dell&#8217;Autorit\u00e0 per l&#8217;energia elettrica e il gas. Sulla rete dell&#8217;utente esiste un sistema passivo di distribuzione di carichi elettrici potenzialmente in grado di assorbire l&#8217;energia generata dall&#8217;impianto eolico.<\/p>\n<p>La struttura \u00e8 situata in un&#8217;area pianeggiante sufficientemente ampia, ad una quota di circa 15 metri sul livello di mare, distante circa 2 Km in linea d&#8217;aria dal mare. Nelle vicinanze dell&#8217;impianto sono presenti alcuni capannoni tra cui quello comunale, alti circa 6 metri; non sono presenti altri ostacoli di altezza rilevante in un intorno di raggio pari ad almeno 1000 metri. Considerando le potenze del generatore alle diverse velocit\u00e0 del vento, la distribuzione della velocit\u00e0 media del vento, la producibilit\u00e0 specifica, l&#8217;efficienza dell&#8217;inverter, si pu\u00f2 prevedere che l&#8217;energia elettrica annuale media producibile dal generatore eolico sia pari a 4.800 KWh.<\/p>\n<p>Stimando una quantit\u00e0 annua di energia media consumata pari a 15.000 KWh, la percentuale di copertura del fabbisogno di energia elettrica fornita dall&#8217;impianto eolico rispetto alla quantit\u00e0 totale di energia consumata dovrebbe essere del 32%. Il Comune ha gi\u00e0 fatto sapere intendono mettere a disposizione delle scuole del comprensorio l&#8217;impianto per visite guidate con gli alunni.<\/p>\n<p>Ma l&#8217;amministrazione ingauna non si ferma qui sul fronte dell&#8217;energia rinnovabile e si appresta ora a realizzare, sempre a Campochiesa, sul tetto del Capannone di propriet\u00e0 comunale, in Reg. Rapalline, un impianto fotovoltaico di circa 45 kWp, al fine di produrre energia elettrica, da immettere nella rete elettrica nazionale. La procedura seguir\u00e0 il Decreto del 19 febbraio 2007 e delle relative delibere attuative emanate dall&#8217;Autorit\u00e0 per l&#8217;Energia Elettrica e il Gas, per la produzione e vendita di energia elettrica prodotta da impianti fotovoltaici.<\/p>\n<p>Sar\u00e0 il concessionario, che verr\u00e0 a breve individuato, a provvedere alla progettazione, alla realizzazione ed alla gestione per 20 anni dell&#8217;impianto fotovoltaico con moduli ubicati sulla copertura del capannone Comunale che operer\u00e0 in regime di vendita integrale alla rete. Il Comune sar\u00e0 proprietario dell&#8217;energia prodotta dall&#8217;impianto fotovoltaico e avr\u00e0 la qualifica di soggetto responsabile dell&#8217;impianto ai sensi del DM del 19\/02\/2007.<\/p>\n","protected":false},"excerpt":{"rendered":"<p>[thumb:15343:l]Albenga. E&#8217; dal 2000 che la Liguria ha iniziato ad investire nella realizzazione di impianti eolici. La settimana scorsa \u00e8 stato il Comune di Cairo ad inaugurare il &#8220;suo&#8221; parco eolico e oggi \u00e8 stato invece il Comune di Albenga invece a comunicare che \u00e8 entrato in funzione l&#8217;impianto mini eolico di Campochiesa. La citt\u00e0 [&hellip;]<\/p>\n","protected":false},"author":13744,"featured_media":0,"comment_status":"open","ping_status":"closed","sticky":false,"template":"","format":"standard","meta":{"footnotes":""},"categories":[],"tags":[85841,86062,9500],"class_list":["post-79687","post","type-post","status-publish","format-standard","hentry","tag-albenga","tag-campochiesa","tag-impianto-eolico","post_cat_citta-albenga"],"amp_validity":null,"amp_enabled":true,"_links":{"self":[{"href":"https:\/\/staging.ivg.it\/ediapi\/wp\/v2\/posts\/79687","targetHints":{"allow":["GET"]}}],"collection":[{"href":"https:\/\/staging.ivg.it\/ediapi\/wp\/v2\/posts"}],"about":[{"href":"https:\/\/staging.ivg.it\/ediapi\/wp\/v2\/types\/post"}],"author":[{"embeddable":true,"href":"https:\/\/staging.ivg.it\/ediapi\/wp\/v2\/users\/13744"}],"replies":[{"embeddable":true,"href":"https:\/\/staging.ivg.it\/ediapi\/wp\/v2\/comments?post=79687"}],"version-history":[{"count":0,"href":"https:\/\/staging.ivg.it\/ediapi\/wp\/v2\/posts\/79687\/revisions"}],"wp:attachment":[{"href":"https:\/\/staging.ivg.it\/ediapi\/wp\/v2\/media?parent=79687"}],"wp:term":[{"taxonomy":"category","embeddable":true,"href":"https:\/\/staging.ivg.it\/ediapi\/wp\/v2\/categories?post=79687"},{"taxonomy":"post_tag","embeddable":true,"href":"https:\/\/staging.ivg.it\/ediapi\/wp\/v2\/tags?post=79687"}],"curies":[{"name":"wp","href":"https:\/\/api.w.org\/{rel}","templated":true}]}}