{"id":79655,"date":"2009-11-30T08:23:18","date_gmt":"2009-11-30T07:23:18","guid":{"rendered":"http:\/\/www.ivg.it\/2009\/11\/30\/pietra-ligure-incontro-sulla-disabilita\/"},"modified":"2009-11-30T08:23:18","modified_gmt":"2009-11-30T07:23:18","slug":"pietra-ligure-incontro-sulla-disabilita","status":"publish","type":"post","link":"https:\/\/staging.ivg.it\/2009\/11\/pietra-ligure-incontro-sulla-disabilita\/","title":{"rendered":"Pietra Ligure, incontro sulla disabilit\u00e0"},"content":{"rendered":"<p><strong>[thumb:986:l]Pietra Ligure.<\/strong> Gioved\u00ec 3 dicembre, in occasione della Giornata internazionale dei diritti della persona con disabilit\u00e0, al cinema teatro comunale di Pietra Ligure, si terr\u00e0 un incontro con alunni e genitori sul tema &#8220;Educare alla differenza, esprimere la parit\u00e0&#8221;.<\/p>\n<p>L&#8217;obiettivo dell&#8217;iniziativa \u00e8 quello di mettere in risalto l&#8217;interdipendenza tra i diritti delle persone con disabilit\u00e0 e lo sviluppo della societ\u00e0. Abbattere le barriere architettoniche \u00e8 uno dei punti salienti dell&#8217;incontro.<\/p>\n","protected":false},"excerpt":{"rendered":"<p>[thumb:986:l]Pietra Ligure. Gioved\u00ec 3 dicembre, in occasione della Giornata internazionale dei diritti della persona con disabilit\u00e0, al cinema teatro comunale di Pietra Ligure, si terr\u00e0 un incontro con alunni e genitori sul tema &#8220;Educare alla differenza, esprimere la parit\u00e0&#8221;. L&#8217;obiettivo dell&#8217;iniziativa \u00e8 quello di mettere in risalto l&#8217;interdipendenza tra i diritti delle persone con disabilit\u00e0 [&hellip;]<\/p>\n","protected":false},"author":13744,"featured_media":0,"comment_status":"open","ping_status":"closed","sticky":false,"template":"","format":"standard","meta":{"footnotes":""},"categories":[],"tags":[875,85830],"class_list":["post-79655","post","type-post","status-publish","format-standard","hentry","tag-disabilita","tag-pietra-ligure","post_cat_citta-pietra-ligure"],"amp_validity":null,"amp_enabled":true,"_links":{"self":[{"href":"https:\/\/staging.ivg.it\/ediapi\/wp\/v2\/posts\/79655","targetHints":{"allow":["GET"]}}],"collection":[{"href":"https:\/\/staging.ivg.it\/ediapi\/wp\/v2\/posts"}],"about":[{"href":"https:\/\/staging.ivg.it\/ediapi\/wp\/v2\/types\/post"}],"author":[{"embeddable":true,"href":"https:\/\/staging.ivg.it\/ediapi\/wp\/v2\/users\/13744"}],"replies":[{"embeddable":true,"href":"https:\/\/staging.ivg.it\/ediapi\/wp\/v2\/comments?post=79655"}],"version-history":[{"count":0,"href":"https:\/\/staging.ivg.it\/ediapi\/wp\/v2\/posts\/79655\/revisions"}],"wp:attachment":[{"href":"https:\/\/staging.ivg.it\/ediapi\/wp\/v2\/media?parent=79655"}],"wp:term":[{"taxonomy":"category","embeddable":true,"href":"https:\/\/staging.ivg.it\/ediapi\/wp\/v2\/categories?post=79655"},{"taxonomy":"post_tag","embeddable":true,"href":"https:\/\/staging.ivg.it\/ediapi\/wp\/v2\/tags?post=79655"}],"curies":[{"name":"wp","href":"https:\/\/api.w.org\/{rel}","templated":true}]}}