{"id":79641,"date":"2009-11-30T07:47:13","date_gmt":"2009-11-30T06:47:13","guid":{"rendered":"http:\/\/www.ivg.it\/?p=79641"},"modified":"2009-11-30T13:06:56","modified_gmt":"2009-11-30T12:06:56","slug":"margonara-burlando-cosi-quel-progetto-non-si-puo-fare","status":"publish","type":"post","link":"https:\/\/staging.ivg.it\/2009\/11\/margonara-burlando-cosi-quel-progetto-non-si-puo-fare\/","title":{"rendered":"Margonara, Burlando: &#8220;Quel progetto cos\u00ec non si pu\u00f2 fare&#8221;"},"content":{"rendered":"<p><strong>[thumb:12889:l]Savona<\/strong>. &#8220;Non si pu\u00f2 fare quel progetto cos\u00ec come \u00e8 stato presentato, visto il parere negativo della commissione VIA (Valutazione di Impatto Ambientale). Si tratta dell&#8217;unica procedura pubblica di cui sindaci, presidenti di Regione, di Provincia e ministri non possono disporre&#8221;. Parla chiaro il governatore della Liguria, Claudio Burlando, a proposito del progetto del porticciolo turistico della Margonara.<\/p>\n<p>Il VIA ha detto no per cui, cos\u00ec com&#8217;\u00e8, il progetto non va bene, sottolinea Burlando. Un &#8220;no&#8221; che avvicina il presidente della Regione alle posizioni del Prc e che, i pi\u00f9 maligni, potrebbero leggere in chiave di convenienza politica, visto l&#8217;avvicinarsi delle elezioni.<\/p>\n<p>&#8220;Non ho secondi fini &#8211; tiene a precisare Burlando -. Non sono abituato a gestire questioni politiche utiilizzando a questo fine questioni amministrative. Semplicemente \u00e8 una posizione che assumiamo perch\u00e8 la commissione VIA ha stabilito che  il progetto non ottempera alle prescrizioni che ha dato anche il Ministero dell&#8217;Ambiente quando ha approvato il piano regolatore portuale. Tutto qu&#8221;.<\/p>\n","protected":false},"excerpt":{"rendered":"<p>[thumb:12889:l]Savona. &#8220;Non si pu\u00f2 fare quel progetto cos\u00ec come \u00e8 stato presentato, visto il parere negativo della commissione VIA (Valutazione di Impatto Ambientale). Si tratta dell&#8217;unica procedura pubblica di cui sindaci, presidenti di Regione, di Provincia e ministri non possono disporre&#8221;. Parla chiaro il governatore della Liguria, Claudio Burlando, a proposito del progetto del porticciolo [&hellip;]<\/p>\n","protected":false},"author":13744,"featured_media":0,"comment_status":"open","ping_status":"closed","sticky":false,"template":"","format":"standard","meta":{"footnotes":""},"categories":[34],"tags":[1543,284,1813,968],"class_list":["post-79641","post","type-post","status-publish","format-standard","hentry","category-cronaca","tag-autorita-portuale","tag-claudio-burlando","tag-margonara","tag-porto","post_cat_citta-savona"],"amp_validity":null,"amp_enabled":true,"_links":{"self":[{"href":"https:\/\/staging.ivg.it\/ediapi\/wp\/v2\/posts\/79641","targetHints":{"allow":["GET"]}}],"collection":[{"href":"https:\/\/staging.ivg.it\/ediapi\/wp\/v2\/posts"}],"about":[{"href":"https:\/\/staging.ivg.it\/ediapi\/wp\/v2\/types\/post"}],"author":[{"embeddable":true,"href":"https:\/\/staging.ivg.it\/ediapi\/wp\/v2\/users\/13744"}],"replies":[{"embeddable":true,"href":"https:\/\/staging.ivg.it\/ediapi\/wp\/v2\/comments?post=79641"}],"version-history":[{"count":0,"href":"https:\/\/staging.ivg.it\/ediapi\/wp\/v2\/posts\/79641\/revisions"}],"wp:attachment":[{"href":"https:\/\/staging.ivg.it\/ediapi\/wp\/v2\/media?parent=79641"}],"wp:term":[{"taxonomy":"category","embeddable":true,"href":"https:\/\/staging.ivg.it\/ediapi\/wp\/v2\/categories?post=79641"},{"taxonomy":"post_tag","embeddable":true,"href":"https:\/\/staging.ivg.it\/ediapi\/wp\/v2\/tags?post=79641"}],"curies":[{"name":"wp","href":"https:\/\/api.w.org\/{rel}","templated":true}]}}