{"id":79593,"date":"2009-11-27T13:07:23","date_gmt":"2009-11-27T12:07:23","guid":{"rendered":"http:\/\/www.ivg.it\/2009\/11\/27\/savona-pinacoteca-incontro-sulla-musica-dal-xvi-al-xix-secolo\/"},"modified":"2009-11-27T15:33:48","modified_gmt":"2009-11-27T14:33:48","slug":"savona-pinacoteca-incontro-sulla-musica-dal-xvi-al-xix-secolo","status":"publish","type":"post","link":"https:\/\/staging.ivg.it\/2009\/11\/savona-pinacoteca-incontro-sulla-musica-dal-xvi-al-xix-secolo\/","title":{"rendered":"Savona, Pinacoteca: incontro sulla musica dal XVI al XIX secolo"},"content":{"rendered":"<p><strong>[thumb:2547:l]Savona<\/strong>. La Pinacoteca Civica di Savona ospiter\u00e0 un incontro di carattere scientifico e divulgativo organizzato dal Centro di Ricerca multidisciplinare per la Musica Corale e Strumentale (MUSICOS) dell&#8217;Universit\u00e0 degli Studi di Genova. L&#8217;evento, aperto alla cittadinanza, inizier\u00e0 alle 15. Nell&#8217;incontro si proporr\u00e0 al pubblico un&#8217;immagine inedita della musica dal XVI al XIX secolo, in un percorso che alterna arte, artigianato e scienza attraverso aspetti originali e peculiari del territorio ligure e in un contesto pi\u00f9 ampio di interazione e di scambio culturale e scientifico fra realt\u00e0 nazionali ed europee, ma anche di Bach e del rapporto nella sua arte tra musica e matematica.<\/p>\n<p>Gli incontri si articolano su diverse attivit\u00e0: dal racconto delle pratiche di costruzione degli strumenti musicali, alla regola e alla giurisprudenza legata all&#8217;arte. Dall&#8217;esecuzione musicale al suo legame con l&#8217;artigianato ligure nelle diverse epoche storiche fino all&#8217;applicazione di metodologie scientifiche innovative per l&#8217;analisi vibro-acustica degli strumenti.<\/p>\n<p>L&#8217;obiettivo principale \u00e8 di valorizzare e divulgare il patrimonio musicale ligure nella musica strumentale e nelle sue multiformi interazioni ed espressioni, attraverso un percorso interdisciplinare ed interculturale che delinei la peculiarit\u00e0 dell&#8217;approccio della musica e degli strumenti musicali in Liguria dal XVI secolo.<br \/>\nPartecipano Grazia Biorci (C.N.R. &#8211; ISEM), Gian Enrico Cortese, Conservatorio di Genova; Giorgio Dillon, Margherita Monti, Enrico Ravina del Centro Musicos, Universit\u00e0 di Genova; Pio Montanari maestro Liutaio in Genova; Donatella Ferraris, Accademia del Chiostro, Genova.<\/p>\n","protected":false},"excerpt":{"rendered":"<p>[thumb:2547:l]Savona. La Pinacoteca Civica di Savona ospiter\u00e0 un incontro di carattere scientifico e divulgativo organizzato dal Centro di Ricerca multidisciplinare per la Musica Corale e Strumentale (MUSICOS) dell&#8217;Universit\u00e0 degli Studi di Genova. L&#8217;evento, aperto alla cittadinanza, inizier\u00e0 alle 15. Nell&#8217;incontro si proporr\u00e0 al pubblico un&#8217;immagine inedita della musica dal XVI al XIX secolo, in un [&hellip;]<\/p>\n","protected":false},"author":13744,"featured_media":0,"comment_status":"open","ping_status":"closed","sticky":false,"template":"","format":"standard","meta":{"footnotes":""},"categories":[],"tags":[2860,826,85850],"class_list":["post-79593","post","type-post","status-publish","format-standard","hentry","tag-incontro","tag-musica","tag-savona","post_cat_citta-savona"],"amp_validity":null,"amp_enabled":true,"_links":{"self":[{"href":"https:\/\/staging.ivg.it\/ediapi\/wp\/v2\/posts\/79593","targetHints":{"allow":["GET"]}}],"collection":[{"href":"https:\/\/staging.ivg.it\/ediapi\/wp\/v2\/posts"}],"about":[{"href":"https:\/\/staging.ivg.it\/ediapi\/wp\/v2\/types\/post"}],"author":[{"embeddable":true,"href":"https:\/\/staging.ivg.it\/ediapi\/wp\/v2\/users\/13744"}],"replies":[{"embeddable":true,"href":"https:\/\/staging.ivg.it\/ediapi\/wp\/v2\/comments?post=79593"}],"version-history":[{"count":0,"href":"https:\/\/staging.ivg.it\/ediapi\/wp\/v2\/posts\/79593\/revisions"}],"wp:attachment":[{"href":"https:\/\/staging.ivg.it\/ediapi\/wp\/v2\/media?parent=79593"}],"wp:term":[{"taxonomy":"category","embeddable":true,"href":"https:\/\/staging.ivg.it\/ediapi\/wp\/v2\/categories?post=79593"},{"taxonomy":"post_tag","embeddable":true,"href":"https:\/\/staging.ivg.it\/ediapi\/wp\/v2\/tags?post=79593"}],"curies":[{"name":"wp","href":"https:\/\/api.w.org\/{rel}","templated":true}]}}