{"id":79540,"date":"2009-11-26T12:25:05","date_gmt":"2009-11-26T11:25:05","guid":{"rendered":"http:\/\/www.ivg.it\/2009\/11\/26\/ato-vaccarezza-territorio-deve-essere-unito-tuteleremo-lacqua-pubblica\/"},"modified":"2009-11-26T14:58:02","modified_gmt":"2009-11-26T13:58:02","slug":"ato-vaccarezza-territorio-deve-essere-unito-tuteleremo-lacqua-pubblica","status":"publish","type":"post","link":"https:\/\/staging.ivg.it\/2009\/11\/ato-vaccarezza-territorio-deve-essere-unito-tuteleremo-lacqua-pubblica\/","title":{"rendered":"Ato, Vaccarezza: &#8220;Territorio deve essere unito. Tuteleremo l&#8217;acqua pubblica&#8221;"},"content":{"rendered":"<p><strong>[thumb:12905:l]Provincia<\/strong>. &#8220;Non vorrei che qualcuno al posto di ridere &#8216;iridesse&#8217; che sarebbe ancora peggio&#8221;. Cerca di sdrammatizzare alludendo al gestore dei servizi (acqua, gas, energia) del genovese, Iride appunto, Angelo Vaccarezza a proposito della &#8220;guerra&#8221; all&#8217;Ato. Il presidente della Provincia ritorna per\u00f2 subito serio: &#8220;Si fa una battaglia non comprendendo che quello che noi proponiamo, che peraltro non \u00e8 un&#8217;operazione della Provincia di Savona ma deriva da una legge nazionale, \u00e8 l&#8217;unico modo per lavorare per l&#8217;acqua pubblica&#8221;.<\/p>\n<p>&#8220;Noi abbiamo cercato di comprendere le paure, le istanze e anchi i dubbi legittimi, che io da amministratore locale condivido, facendo in modo che oggi si firmi un atto e che questo atto sia aperto. Ci sar\u00e0 tempo fino al 4 di dicembre per aderire all&#8217;Ato, ma all&#8217;Ato bisogna aderire, non c&#8217;\u00e8 modo di non farlo. Rendere forte l&#8217;Ato della Provincia di Savona vuol dire creare i presupposti per avere nel 2012 un unico soggetto pubblico&#8221; ha spiegato Vaccarezza.<\/p>\n<p>&#8220;Mi sembra di aver dimostrato con dichiarazioni anche pesanti dove voglio arrivare: impedire l&#8217;ingresso del privato in questo mercato se non come gestore controllato dall&#8217;Ato. Ma vorremmo fare in modo che nemmeno questo avvenga. Perch\u00e9 ci\u00f2 sia possibile per\u00f2 l&#8217;Ato deve essere forte e dobbiamo essere uniti. Dobbiamo capire che il nostro avversario \u00e8 un altro. Facciamo in modo di fare squadra insieme, capisco le perplessit\u00e0 di tutti ma ricordo a tutti che se entro il 4 dicembre ci sono Comuni che non aderiscono all&#8217;Ato si avvia la procedura di commissariamento. Sarebbe una cosa da evitare e una sconfitta per il territorio&#8221; ha concluso il numero uno di Palazzo Nervi.<\/p>\n","protected":false},"excerpt":{"rendered":"<p>[thumb:12905:l]Provincia. &#8220;Non vorrei che qualcuno al posto di ridere &#8216;iridesse&#8217; che sarebbe ancora peggio&#8221;. Cerca di sdrammatizzare alludendo al gestore dei servizi (acqua, gas, energia) del genovese, Iride appunto, Angelo Vaccarezza a proposito della &#8220;guerra&#8221; all&#8217;Ato. Il presidente della Provincia ritorna per\u00f2 subito serio: &#8220;Si fa una battaglia non comprendendo che quello che noi proponiamo, [&hellip;]<\/p>\n","protected":false},"author":13744,"featured_media":0,"comment_status":"open","ping_status":"closed","sticky":false,"template":"","format":"standard","meta":{"footnotes":""},"categories":[31],"tags":[2317,1870,3934],"class_list":["post-79540","post","type-post","status-publish","format-standard","hentry","category-politica","tag-angelo-vaccarezza","tag-ato","tag-replica","post_cat_citta-savona"],"amp_validity":null,"amp_enabled":true,"_links":{"self":[{"href":"https:\/\/staging.ivg.it\/ediapi\/wp\/v2\/posts\/79540","targetHints":{"allow":["GET"]}}],"collection":[{"href":"https:\/\/staging.ivg.it\/ediapi\/wp\/v2\/posts"}],"about":[{"href":"https:\/\/staging.ivg.it\/ediapi\/wp\/v2\/types\/post"}],"author":[{"embeddable":true,"href":"https:\/\/staging.ivg.it\/ediapi\/wp\/v2\/users\/13744"}],"replies":[{"embeddable":true,"href":"https:\/\/staging.ivg.it\/ediapi\/wp\/v2\/comments?post=79540"}],"version-history":[{"count":0,"href":"https:\/\/staging.ivg.it\/ediapi\/wp\/v2\/posts\/79540\/revisions"}],"wp:attachment":[{"href":"https:\/\/staging.ivg.it\/ediapi\/wp\/v2\/media?parent=79540"}],"wp:term":[{"taxonomy":"category","embeddable":true,"href":"https:\/\/staging.ivg.it\/ediapi\/wp\/v2\/categories?post=79540"},{"taxonomy":"post_tag","embeddable":true,"href":"https:\/\/staging.ivg.it\/ediapi\/wp\/v2\/tags?post=79540"}],"curies":[{"name":"wp","href":"https:\/\/api.w.org\/{rel}","templated":true}]}}