{"id":79492,"date":"2009-11-25T09:44:57","date_gmt":"2009-11-25T08:44:57","guid":{"rendered":"http:\/\/www.ivg.it\/2009\/11\/25\/savona-giovanni-burzio-presenta-il-suo-libro-di-memorie-savonesi\/"},"modified":"2009-12-05T16:57:23","modified_gmt":"2009-12-05T15:57:23","slug":"savona-giovanni-burzio-presenta-il-suo-libro-di-memorie-savonesi","status":"publish","type":"post","link":"https:\/\/staging.ivg.it\/2009\/11\/savona-giovanni-burzio-presenta-il-suo-libro-di-memorie-savonesi\/","title":{"rendered":"Savona, Giovanni Burzio presenta il suo libro di memorie &#8220;savonesi&#8221;"},"content":{"rendered":"<p><strong>[thumb:15296:l]Savona<\/strong>. L&#8217;autore Giovanni Burzio si racconta nel suo libro di memorie &#8220;savonesi&#8221; e del &#8220;mondo&#8221;. &#8220;Il cielo il treno&#8221;, questo il titolo del volume accompagnato dal sottotitolo &#8220;de l\u00e0 du sci\u00fbmme alla scoperta dell&#8217;america&#8221;, \u00e8 la storia, filtrata dalle esperienze personali, di un tratto importante di vicende sociali, culturali, politiche nell&#8217;arco di 30 anni; gli anni della giovinezza e della formazione dell&#8217;autore, dalla fine degli anni &#8217;30 fino al 1958, data spartiacque non solo per lui, ma per il nostro Paese che, quasi completata la ricostruzione stava per tuffarsi nell&#8217;avventura del &#8220;boom&#8221;.<\/p>\n<p>Il libro verr\u00e0 presentato domani, gioved\u00ec 26 novembre, alle ore 17 nella Sala Rossa del Comune di Savona. I testi del volume sono a cura di Luciano Angelini che ha curato anche i testi e la pubblicazione, con interventi di Franco Astengo, Ugo Tombesi e Salvatore Vento. Interverr\u00e0 l&#8217;assessore Livio Di Tullio. Insieme a Giovanni Burzio e Luciano Angelini saranno presenti e discuteranno con l&#8217;Autore e il curatore anche Andrea Mignone (professore di Scienze Politiche), Gildo Milano (comandante partigiano), Alberto Tridente (gi\u00e0 segretario della Fim-Cisl).<\/p>\n","protected":false},"excerpt":{"rendered":"<p>[thumb:15296:l]Savona. L&#8217;autore Giovanni Burzio si racconta nel suo libro di memorie &#8220;savonesi&#8221; e del &#8220;mondo&#8221;. &#8220;Il cielo il treno&#8221;, questo il titolo del volume accompagnato dal sottotitolo &#8220;de l\u00e0 du sci\u00fbmme alla scoperta dell&#8217;america&#8221;, \u00e8 la storia, filtrata dalle esperienze personali, di un tratto importante di vicende sociali, culturali, politiche nell&#8217;arco di 30 anni; gli [&hellip;]<\/p>\n","protected":false},"author":13744,"featured_media":0,"comment_status":"open","ping_status":"closed","sticky":false,"template":"","format":"standard","meta":{"footnotes":""},"categories":[],"tags":[2417,1669,86122,278],"class_list":["post-79492","post","type-post","status-publish","format-standard","hentry","tag-libro","tag-presentazione","tag-sala-rossa","tag-savonesi","post_cat_citta-savona"],"amp_validity":null,"amp_enabled":true,"_links":{"self":[{"href":"https:\/\/staging.ivg.it\/ediapi\/wp\/v2\/posts\/79492","targetHints":{"allow":["GET"]}}],"collection":[{"href":"https:\/\/staging.ivg.it\/ediapi\/wp\/v2\/posts"}],"about":[{"href":"https:\/\/staging.ivg.it\/ediapi\/wp\/v2\/types\/post"}],"author":[{"embeddable":true,"href":"https:\/\/staging.ivg.it\/ediapi\/wp\/v2\/users\/13744"}],"replies":[{"embeddable":true,"href":"https:\/\/staging.ivg.it\/ediapi\/wp\/v2\/comments?post=79492"}],"version-history":[{"count":0,"href":"https:\/\/staging.ivg.it\/ediapi\/wp\/v2\/posts\/79492\/revisions"}],"wp:attachment":[{"href":"https:\/\/staging.ivg.it\/ediapi\/wp\/v2\/media?parent=79492"}],"wp:term":[{"taxonomy":"category","embeddable":true,"href":"https:\/\/staging.ivg.it\/ediapi\/wp\/v2\/categories?post=79492"},{"taxonomy":"post_tag","embeddable":true,"href":"https:\/\/staging.ivg.it\/ediapi\/wp\/v2\/tags?post=79492"}],"curies":[{"name":"wp","href":"https:\/\/api.w.org\/{rel}","templated":true}]}}