{"id":79455,"date":"2009-11-24T14:07:43","date_gmt":"2009-11-24T13:07:43","guid":{"rendered":"http:\/\/www.ivg.it\/2009\/11\/24\/savona-il-comune-dice-si-allato-ma-con-riserva\/"},"modified":"2009-11-24T19:02:33","modified_gmt":"2009-11-24T18:02:33","slug":"savona-il-comune-dice-si-allato-ma-con-riserva","status":"publish","type":"post","link":"https:\/\/staging.ivg.it\/2009\/11\/savona-il-comune-dice-si-allato-ma-con-riserva\/","title":{"rendered":"Savona, il Comune dice s\u00ec all&#8217;Ato ma con riserva"},"content":{"rendered":"<p><strong>[thumb:13523:l]Savona<\/strong>. La Giunta del Comune di Savona ha deliberato questa mattina la proposta di adesione all&#8217;Ato ma, viste le preoccupazioni per quello che la privatizzazione di questi servizi potrebbe portare, ha deciso d di farsi portavoce dell&#8217;interesse pubblico e dell&#8217;occupazione del comparto.<\/p>\n<p>L&#8217;amministrazione comunale ha quindi formalizzato l&#8217;adesione al costituendo consorzio obbligatorio tra Provincia e Comuni, l&#8217;organismo che dar\u00e0 forma all&#8217;Autorit\u00e0 d&#8217;Ambito Territoriale Ottimale per i servizi idrici e la gestione dei rifiuti urbani. In base alle norme vigenti, sar\u00e0 necessario provvedere all&#8217;affidamento del servizio idrico integrato, con una gestione unitaria (acquedotto, fognatura, depurazione) per ambito territoriale, improntata a criteri di economicit\u00e0.<\/p>\n<p>&#8220;La Legge Regionale n\u00b0 39\/2008 &#8211; spiega l&#8217;assessore all&#8217;ambiente e protezione civile del Comune di Savona Jorg Costantino &#8211; obbliga, nel territorio delle rispettive Provincie, gli enti locali a partecipare alla costituzione, all&#8217;interno di ciascun ambito, dell&#8217;Autorit\u00e0 d&#8217;Ambito Territoriale Ottimale (AATO). L&#8217;Ato ha personalit\u00e0 giuridica, con forma di consorzio obbligatorio tra Provincia e Comuni e ad essa \u00e8 trasferito l&#8217;esercizio delle loro competenze in materia di gestione delle risorse idriche, gestione del servizio idrico integrato e gestione integrata dei rifiuti&#8221;.<\/p>\n<p>&#8220;L&#8217;adesione alla costituzione dell&#8217;Ato dunque si fa per forza &#8211; prosegue l&#8217;assessore Costantino &#8211; ma in un contesto di privatizzazione di servizi, voluta dal Governo Berlusconi, di interesse generale, privi di rilevanza economica. L&#8217;acqua \u00e9 un bene pubblico e comune, un bisogno primario, un diritto pubblico e non una merce da affidare alla logica del profitto privato. Le minacce incombenti su una materia sensibile come quella idrica, dovute al Governo Berlusconi, possono diventare terreno di conquista delle grandi multinazionali, tramite la logica dell&#8217;impresa globale che annulla le volont\u00e0 dei territori e si focalizza esclusivamente sul profitto finanziario. L&#8217;affidamento ai privati di servizi di pubblica utilit\u00e0 determina l&#8217;inapplicabilit\u00e0 della cosidetta &#8216;clausola sociale&#8217;, in forza della quale con l&#8217;aggiudicazione dei servizi ad una nuova impresa vengono trasferite anche le maestranze della ditta cui era in precedenza affidato lo stesso servizio&#8221;.<\/p>\n<p>&#8220;Il Comune \u00e8 dunque preoccupato per un futuro peggioramento dei servizi, un rincaro delle tariffe e una ricaduta negativa sui posti di lavoro. Nella gestione dei servizi idrico e dei rifiuti sono occupati in provincia di Savona centinaia di lavoratori; \u00e8 dunque necessario garantire la quantit\u00e0 e la qualit\u00e0 dell&#8217;occupazione nelle aziende pubbliche e private operanti sul territorio. Teniamo conto che lo sviluppo di questi servizi pu\u00f2 rappresentare incece un&#8217;opportunit\u00e0 di nuova occupazione. Il Comune quindi aderisce alla costituizione del Consorzio ma al contempo da mandato al proprio rappresentante nell&#8217;Assemblea dell&#8217;Ato affinch\u00e9 si faccia promotore della discussione su queste tematiche e del relativo accoglimento delle proposte formulate. In primis, l&#8217;esigenza di garantire un forte impianto pubblico nell&#8217;attivit\u00e0 di programmazione, controllo e gestione di servizi come rifiuti e acqua a tutela di beni e utilit\u00e0 dall&#8217;alto valore collettivo e pubblico&#8221; ha concluso Jorg Costantino.<\/p>\n<p>In base alla Delibera approvata oggi, il nuovo soggetto che dovr\u00e0 candidarsi ad assumere il ruolo di gestore unico del ciclo integrato delle acque nel nostro ambito territoriale ottimale, dovr\u00e0 aggregare preservare e valorizzare tutte le societ\u00e0 pubbliche operanti nelle diverse fasi del ciclo idrico, elaborando e realizzando un progetto industriale rappresentativo dell&#8217;intera provincia, tenendo anche conto delle realt\u00e0 private operanti nel territorio, con le quali si dovr\u00e0 costruire un&#8217;alleanza industriale che includa priorit\u00e0 di investimento ed efficienza gestionale.<\/p>\n<p>Nell&#8217;attivit\u00e0 dell&#8217;Ato, si ritiene necessario formalizzare il ruolo delle aziende pubbliche come attrici fondamentali del sistema completo di gestione dei rifiuti, quali entit\u00e0 garanti di trasparenza dei risultati e della condivisione degli obiettivi, nonch\u00e9 di tutela del cittadino. In questa strategia risulta centrale il ruolo di Depuratore di Savona S.p.A. e di Ata s.p.a, come entit\u00e0 in grado di gestire il ciclo completo di gestione dei rifiuti, e quindi in grado di proporsi come soggetto proponente per la progettazione, realizzazione e gestione di impianti di trattamento e smaltimento rifiuti. Tutto questo in sintonia con quanto gi\u00e0 avviato dal Comune di Savona mediante la proposta dell&#8217;utilizzo di un sito pubblico (Passeggi) a tal fine destinato.<\/p>\n","protected":false},"excerpt":{"rendered":"<p>[thumb:13523:l]Savona. La Giunta del Comune di Savona ha deliberato questa mattina la proposta di adesione all&#8217;Ato ma, viste le preoccupazioni per quello che la privatizzazione di questi servizi potrebbe portare, ha deciso d di farsi portavoce dell&#8217;interesse pubblico e dell&#8217;occupazione del comparto. L&#8217;amministrazione comunale ha quindi formalizzato l&#8217;adesione al costituendo consorzio obbligatorio tra Provincia e [&hellip;]<\/p>\n","protected":false},"author":13744,"featured_media":0,"comment_status":"open","ping_status":"closed","sticky":false,"template":"","format":"standard","meta":{"footnotes":""},"categories":[31],"tags":[1170,1870,866,6568,85850],"class_list":["post-79455","post","type-post","status-publish","format-standard","hentry","category-politica","tag-acqua","tag-ato","tag-jorg-costantino","tag-privatizzazione","tag-savona","post_cat_citta-savona"],"amp_validity":null,"amp_enabled":true,"_links":{"self":[{"href":"https:\/\/staging.ivg.it\/ediapi\/wp\/v2\/posts\/79455","targetHints":{"allow":["GET"]}}],"collection":[{"href":"https:\/\/staging.ivg.it\/ediapi\/wp\/v2\/posts"}],"about":[{"href":"https:\/\/staging.ivg.it\/ediapi\/wp\/v2\/types\/post"}],"author":[{"embeddable":true,"href":"https:\/\/staging.ivg.it\/ediapi\/wp\/v2\/users\/13744"}],"replies":[{"embeddable":true,"href":"https:\/\/staging.ivg.it\/ediapi\/wp\/v2\/comments?post=79455"}],"version-history":[{"count":0,"href":"https:\/\/staging.ivg.it\/ediapi\/wp\/v2\/posts\/79455\/revisions"}],"wp:attachment":[{"href":"https:\/\/staging.ivg.it\/ediapi\/wp\/v2\/media?parent=79455"}],"wp:term":[{"taxonomy":"category","embeddable":true,"href":"https:\/\/staging.ivg.it\/ediapi\/wp\/v2\/categories?post=79455"},{"taxonomy":"post_tag","embeddable":true,"href":"https:\/\/staging.ivg.it\/ediapi\/wp\/v2\/tags?post=79455"}],"curies":[{"name":"wp","href":"https:\/\/api.w.org\/{rel}","templated":true}]}}