{"id":79412,"date":"2009-11-23T14:36:04","date_gmt":"2009-11-23T13:36:04","guid":{"rendered":"http:\/\/www.ivg.it\/2009\/11\/23\/e-nato-il-circolo-federativo-dei-giovani-democratici-delle-albisole\/"},"modified":"2009-11-23T14:36:04","modified_gmt":"2009-11-23T13:36:04","slug":"e-nato-il-circolo-federativo-dei-giovani-democratici-delle-albisole","status":"publish","type":"post","link":"https:\/\/staging.ivg.it\/2009\/11\/e-nato-il-circolo-federativo-dei-giovani-democratici-delle-albisole\/","title":{"rendered":"E&#8217; nato il Circolo Federativo dei Giovani Democratici delle Albisole"},"content":{"rendered":"<p><strong>[thumb:15277:l]Albissola<\/strong>. &#8220;Convinti che le istanze dei giovani di oggi e di domani non debbano pi\u00f9 rimanere disattese in un mondo dove la precariet\u00e0 e l\u00b4insicurezza la fanno da padroni, inseguendo lo spirito di quella che \u00e8 stata definita &#8216;la Grande Onda&#8217; o ancora &#8216;Generazione Obama&#8217;, ci siamo sentiti in dovere di cercare insieme le risposte&#8221;. Cos\u00ec i fondatori della Federazione dei Giovani Democratici delle Albisole spiegano perch\u00e9 \u00e8 nato il loro movimento.<\/p>\n<p>Il Circolo federativo avr\u00e0 come linea guida i principi del Partito Democratico, mantenendo per\u00f2 una libert\u00e0 intellettuale che &#8220;deve essere punto di unione e confronto e non pi\u00f9 di frattura, per raggiungere l\u00b4obbiettivo comune per il quale questa grande forza \u00e8 venuta alla luce&#8221; come spiegano gli ideatori.<\/p>\n<p>&#8220;L\u00b4attuale contesto politico e sociale \u00e8 un&#8217;inequivocabile testimonianza di un costante declino morale e culturale che, tra le altre questioni, spesso investe violentemente una classe dirigente artefice di un dialogo politico lontano, distaccato dalle reali problematiche del territorio e da questa societ\u00e0 moderna. Per questo, \u00e8 necessario basare il confronto su contenuti concreti, riscattando il futuro tramite le qualit\u00e0 culturali, la capillarizzazione sul territorio e le esperienze di cui ogni essere umano \u00e8 portatore&#8221; aggiungono i Giovani Democratici.<\/p>\n<p>&#8220;Il lavoro che il nascente gruppo si propone di svolgere non si limita a promuovere un ricambio generazionale necessario, bens\u00ec si prefigge inoltre il compito di prendere parte alla vita politica e sociale locale, di svolgere compiti socio-culturali e di cittadinanza attiva oltre che di confronto su varie tematiche, anche con chi non condivide le nostre idee, ma percepisce le stesse nostre necessit\u00e0. Al fine di arricchire il confronto, teniamo particolarmente ad invitare alla partecipazione coloro i quali come noi avvertono la necessit\u00e0 di cambiamento, si sentono propositivi e si riconoscono nel pensiero riformista e democratico che ci prefissiamo di promuovere e coltivare&#8221; spiegano ancora i membri della Federazione. Per chi volesse contattare il movimento \u00e8 possibile scrivere all\u00b4indirizzo mail giovanidemocraticialbisole@gmail.com o su Facebook al gruppo Giovani Democratici delle Albisole.<\/p>\n","protected":false},"excerpt":{"rendered":"<p>[thumb:15277:l]Albissola. &#8220;Convinti che le istanze dei giovani di oggi e di domani non debbano pi\u00f9 rimanere disattese in un mondo dove la precariet\u00e0 e l\u00b4insicurezza la fanno da padroni, inseguendo lo spirito di quella che \u00e8 stata definita &#8216;la Grande Onda&#8217; o ancora &#8216;Generazione Obama&#8217;, ci siamo sentiti in dovere di cercare insieme le risposte&#8221;. [&hellip;]<\/p>\n","protected":false},"author":13744,"featured_media":0,"comment_status":"open","ping_status":"closed","sticky":false,"template":"","format":"standard","meta":{"footnotes":""},"categories":[31],"tags":[86016,86007,894,12434,85831],"class_list":["post-79412","post","type-post","status-publish","format-standard","hentry","category-politica","tag-albisola-superiore","tag-albissola-marina","tag-albissole","tag-giovani-democratici","tag-politica","post_cat_citta-albisola-superiore","post_cat_citta-albissola-marina"],"amp_validity":null,"amp_enabled":true,"_links":{"self":[{"href":"https:\/\/staging.ivg.it\/ediapi\/wp\/v2\/posts\/79412","targetHints":{"allow":["GET"]}}],"collection":[{"href":"https:\/\/staging.ivg.it\/ediapi\/wp\/v2\/posts"}],"about":[{"href":"https:\/\/staging.ivg.it\/ediapi\/wp\/v2\/types\/post"}],"author":[{"embeddable":true,"href":"https:\/\/staging.ivg.it\/ediapi\/wp\/v2\/users\/13744"}],"replies":[{"embeddable":true,"href":"https:\/\/staging.ivg.it\/ediapi\/wp\/v2\/comments?post=79412"}],"version-history":[{"count":0,"href":"https:\/\/staging.ivg.it\/ediapi\/wp\/v2\/posts\/79412\/revisions"}],"wp:attachment":[{"href":"https:\/\/staging.ivg.it\/ediapi\/wp\/v2\/media?parent=79412"}],"wp:term":[{"taxonomy":"category","embeddable":true,"href":"https:\/\/staging.ivg.it\/ediapi\/wp\/v2\/categories?post=79412"},{"taxonomy":"post_tag","embeddable":true,"href":"https:\/\/staging.ivg.it\/ediapi\/wp\/v2\/tags?post=79412"}],"curies":[{"name":"wp","href":"https:\/\/api.w.org\/{rel}","templated":true}]}}