{"id":79409,"date":"2009-11-23T14:15:04","date_gmt":"2009-11-23T13:15:04","guid":{"rendered":"http:\/\/www.ivg.it\/2009\/11\/23\/savona-costa-pacifica-trasformata-in-set-a-bordo-il-commissario-rex\/"},"modified":"2009-11-23T15:17:23","modified_gmt":"2009-11-23T14:17:23","slug":"savona-costa-pacifica-trasformata-in-set-a-bordo-il-commissario-rex","status":"publish","type":"post","link":"https:\/\/staging.ivg.it\/2009\/11\/savona-costa-pacifica-trasformata-in-set-a-bordo-il-commissario-rex\/","title":{"rendered":"Savona, Costa Pacifica trasformata in set: a bordo il commissario Rex"},"content":{"rendered":"<p><strong>[thumb:15276:l]Savona<\/strong>. Costa Pacifica, l&#8217;ammiraglia della flotta Costa Crociere, si \u00e8 trasformata in set cinematografico. L&#8217;eroe a quattro zampe della televisione europea, il commissario Rex, \u00e8 infatti salito, nel porto di Savona, a bordo della nave per girare le riprese di un episodio della serie televisiva. I ciak della puntata, che vedr\u00e0 protagonisti come sempre Kaspar Capparoni nel ruolo del commissario Lorenzo Fabbri e il famoso pastore tedesco, si stanno svolgendo, e continueranno fino al 29 Novembre, interamente a bordo di Costa Pacifica, durante l&#8217;ultima delle sue crociere della stagione estiva 2009 nel Mediterraneo occidentale.<\/p>\n<p>La nave, entrata in servizio lo scorso maggio, \u00e8 partita da Civitavecchia domenica 22 novembre, e toccher\u00e0 le citt\u00e0 di Savona, Barcellona, Palma di Maiorca, Tunisi, La Valletta (Malta) e Palermo, offrendo insoliti scenari alle avventure di Rex e compagni. Ancora top secret il nome della guest star dell&#8217;episodio, che dovrebbe andare in onda in Italia su Rai 1 a Febbraio 2010.<\/p>\n<p>[image:15275:c]<\/p>\n","protected":false},"excerpt":{"rendered":"<p>[thumb:15276:l]Savona. Costa Pacifica, l&#8217;ammiraglia della flotta Costa Crociere, si \u00e8 trasformata in set cinematografico. L&#8217;eroe a quattro zampe della televisione europea, il commissario Rex, \u00e8 infatti salito, nel porto di Savona, a bordo della nave per girare le riprese di un episodio della serie televisiva. I ciak della puntata, che vedr\u00e0 protagonisti come sempre Kaspar [&hellip;]<\/p>\n","protected":false},"author":13744,"featured_media":0,"comment_status":"open","ping_status":"closed","sticky":false,"template":"","format":"standard","meta":{"footnotes":""},"categories":[],"tags":[412,8086,5882],"class_list":["post-79409","post","type-post","status-publish","format-standard","hentry","tag-costa-crociere","tag-costa-pacifica","tag-riprese","post_cat_citta-savona"],"amp_validity":null,"amp_enabled":true,"_links":{"self":[{"href":"https:\/\/staging.ivg.it\/ediapi\/wp\/v2\/posts\/79409","targetHints":{"allow":["GET"]}}],"collection":[{"href":"https:\/\/staging.ivg.it\/ediapi\/wp\/v2\/posts"}],"about":[{"href":"https:\/\/staging.ivg.it\/ediapi\/wp\/v2\/types\/post"}],"author":[{"embeddable":true,"href":"https:\/\/staging.ivg.it\/ediapi\/wp\/v2\/users\/13744"}],"replies":[{"embeddable":true,"href":"https:\/\/staging.ivg.it\/ediapi\/wp\/v2\/comments?post=79409"}],"version-history":[{"count":0,"href":"https:\/\/staging.ivg.it\/ediapi\/wp\/v2\/posts\/79409\/revisions"}],"wp:attachment":[{"href":"https:\/\/staging.ivg.it\/ediapi\/wp\/v2\/media?parent=79409"}],"wp:term":[{"taxonomy":"category","embeddable":true,"href":"https:\/\/staging.ivg.it\/ediapi\/wp\/v2\/categories?post=79409"},{"taxonomy":"post_tag","embeddable":true,"href":"https:\/\/staging.ivg.it\/ediapi\/wp\/v2\/tags?post=79409"}],"curies":[{"name":"wp","href":"https:\/\/api.w.org\/{rel}","templated":true}]}}