{"id":79289,"date":"2009-11-19T18:09:40","date_gmt":"2009-11-19T17:09:40","guid":{"rendered":"http:\/\/www.ivg.it\/2009\/11\/19\/albenga-polo-educativo-diocesano-tutto-pronto-per-linaugurazione\/"},"modified":"2009-11-20T10:35:04","modified_gmt":"2009-11-20T09:35:04","slug":"albenga-polo-educativo-diocesano-tutto-pronto-per-linaugurazione","status":"publish","type":"post","link":"https:\/\/staging.ivg.it\/2009\/11\/albenga-polo-educativo-diocesano-tutto-pronto-per-linaugurazione\/","title":{"rendered":"Albenga, Polo educativo diocesano: tutto pronto per l&#8217;inaugurazione"},"content":{"rendered":"<p><strong>[thumb:11616:l]Albenga<\/strong>. E&#8217; tutto pronto, ad Albenga, nel cantiere del nuovo Polo educativo diocesano di via Milano per la solenne cerimonia di benedizione, presieduta dal vescovo diocesano, monsignor Mario Oliveri. Domani mattina alle ore 10,30 il presule diocesano poser\u00e0, nelle fondamenta della scuola, la &#8220;prima pietra&#8221;, gi\u00e0 benedetta nella Cattedrale di Albenga, durante la messa crismale dello scorso gioved\u00ec santo.<\/p>\n<p>Alla cerimonia saranno presenti gli alunni che frequentano l&#8217;attuale sede della Scuola &#8220;Redemptoris Mater&#8221; in via Trieste, le loro famiglie, i docenti, il preside Giorgio Airaudi e il direttore della scuola Mario Ruffino insieme a tutte le autorit\u00e0 ecclesiali. Sar\u00e0 presente anche numerosi componenti dell&#8217;associazione degli ex alunni della Scuola diocesana.<\/p>\n<p>Saluteranno il vescovo e tutti i convitati il presidente della Provincia Angelo Vaccarezza e il sindaco di Albenga Antonello Tabb\u00f2. Tra le numerose autorit\u00e0 politiche anche l&#8217;assessore provinciale con delega all&#8217;edilizia scolastica, Rosalia Guarnieri.<\/p>\n<p>In queste ore fervono gli ultimi preparativi coordinati dall&#8217;equipe tecnica del cantiere edile, costituta da Maurizio Arnaldi, progettista architettonico e direttore lavori, da Giuseppe Brunengo per gli impianti e da Giuliano Borelli per i cementi armati. Previsto un rinfresco per gli allievi e un pranzo per le autorit\u00e0 offerti dall&#8217;impresa costruttrice Ecoedile-gruppo Verus, con sede a Magliolo, vincitrice dell&#8217;appalto.<\/p>\n","protected":false},"excerpt":{"rendered":"<p>[thumb:11616:l]Albenga. E&#8217; tutto pronto, ad Albenga, nel cantiere del nuovo Polo educativo diocesano di via Milano per la solenne cerimonia di benedizione, presieduta dal vescovo diocesano, monsignor Mario Oliveri. Domani mattina alle ore 10,30 il presule diocesano poser\u00e0, nelle fondamenta della scuola, la &#8220;prima pietra&#8221;, gi\u00e0 benedetta nella Cattedrale di Albenga, durante la messa crismale [&hellip;]<\/p>\n","protected":false},"author":13744,"featured_media":0,"comment_status":"open","ping_status":"closed","sticky":false,"template":"","format":"standard","meta":{"footnotes":""},"categories":[],"tags":[85841,2317,558,823,854,2765,8533,6859],"class_list":["post-79289","post","type-post","status-publish","format-standard","hentry","tag-albenga","tag-angelo-vaccarezza","tag-antonello-tabbo","tag-cantiere","tag-lavori","tag-mario-oliveri","tag-polo-educativo-diocesano","tag-via-milano","post_cat_citta-albenga"],"amp_validity":null,"amp_enabled":true,"_links":{"self":[{"href":"https:\/\/staging.ivg.it\/ediapi\/wp\/v2\/posts\/79289","targetHints":{"allow":["GET"]}}],"collection":[{"href":"https:\/\/staging.ivg.it\/ediapi\/wp\/v2\/posts"}],"about":[{"href":"https:\/\/staging.ivg.it\/ediapi\/wp\/v2\/types\/post"}],"author":[{"embeddable":true,"href":"https:\/\/staging.ivg.it\/ediapi\/wp\/v2\/users\/13744"}],"replies":[{"embeddable":true,"href":"https:\/\/staging.ivg.it\/ediapi\/wp\/v2\/comments?post=79289"}],"version-history":[{"count":0,"href":"https:\/\/staging.ivg.it\/ediapi\/wp\/v2\/posts\/79289\/revisions"}],"wp:attachment":[{"href":"https:\/\/staging.ivg.it\/ediapi\/wp\/v2\/media?parent=79289"}],"wp:term":[{"taxonomy":"category","embeddable":true,"href":"https:\/\/staging.ivg.it\/ediapi\/wp\/v2\/categories?post=79289"},{"taxonomy":"post_tag","embeddable":true,"href":"https:\/\/staging.ivg.it\/ediapi\/wp\/v2\/tags?post=79289"}],"curies":[{"name":"wp","href":"https:\/\/api.w.org\/{rel}","templated":true}]}}