{"id":79287,"date":"2009-11-19T17:31:27","date_gmt":"2009-11-19T16:31:27","guid":{"rendered":"http:\/\/www.ivg.it\/2009\/11\/19\/savona-pedalata-in-citta-organizzata-da-massa-critica\/"},"modified":"2009-11-19T17:31:27","modified_gmt":"2009-11-19T16:31:27","slug":"savona-pedalata-in-citta-organizzata-da-massa-critica","status":"publish","type":"post","link":"https:\/\/staging.ivg.it\/2009\/11\/savona-pedalata-in-citta-organizzata-da-massa-critica\/","title":{"rendered":"Savona, pedalata in citt\u00e0 organizzata da &#8220;Massa Critica&#8221;"},"content":{"rendered":"<p><strong>[thumb:7017:l]Savona<\/strong>. La &#8220;Massa Critica Savona&#8221; torna a proporre un&#8217;iniziativa, con la pedalata denominata &#8220;Il Sabato in Citt\u00e0&#8221;. L&#8217;appuntamento \u00e8 per sabato 21 novembre dalle ore 15,30 sotto le Torri del Brandale.<\/p>\n<p>Per chi vorr\u00e0, l&#8217;allegra pedalata si concluder\u00e0 presso il centro di documentazione FuoriControllo, dove \u00e8 stato organizzato un aperitivo-benefit con musica per festeggiare i primi 3 anni di attiit\u00e0.<\/p>\n<p>[image:15238:c]<\/p>\n","protected":false},"excerpt":{"rendered":"<p>[thumb:7017:l]Savona. La &#8220;Massa Critica Savona&#8221; torna a proporre un&#8217;iniziativa, con la pedalata denominata &#8220;Il Sabato in Citt\u00e0&#8221;. L&#8217;appuntamento \u00e8 per sabato 21 novembre dalle ore 15,30 sotto le Torri del Brandale. Per chi vorr\u00e0, l&#8217;allegra pedalata si concluder\u00e0 presso il centro di documentazione FuoriControllo, dove \u00e8 stato organizzato un aperitivo-benefit con musica per festeggiare i [&hellip;]<\/p>\n","protected":false},"author":5,"featured_media":0,"comment_status":"open","ping_status":"closed","sticky":false,"template":"","format":"standard","meta":{"footnotes":""},"categories":[56],"tags":[2384,12480,85850],"class_list":["post-79287","post","type-post","status-publish","format-standard","hentry","category-altre","tag-bici","tag-fuoricontrollo","tag-savona","post_cat_citta-savona"],"amp_validity":null,"amp_enabled":true,"_links":{"self":[{"href":"https:\/\/staging.ivg.it\/ediapi\/wp\/v2\/posts\/79287","targetHints":{"allow":["GET"]}}],"collection":[{"href":"https:\/\/staging.ivg.it\/ediapi\/wp\/v2\/posts"}],"about":[{"href":"https:\/\/staging.ivg.it\/ediapi\/wp\/v2\/types\/post"}],"author":[{"embeddable":true,"href":"https:\/\/staging.ivg.it\/ediapi\/wp\/v2\/users\/5"}],"replies":[{"embeddable":true,"href":"https:\/\/staging.ivg.it\/ediapi\/wp\/v2\/comments?post=79287"}],"version-history":[{"count":0,"href":"https:\/\/staging.ivg.it\/ediapi\/wp\/v2\/posts\/79287\/revisions"}],"wp:attachment":[{"href":"https:\/\/staging.ivg.it\/ediapi\/wp\/v2\/media?parent=79287"}],"wp:term":[{"taxonomy":"category","embeddable":true,"href":"https:\/\/staging.ivg.it\/ediapi\/wp\/v2\/categories?post=79287"},{"taxonomy":"post_tag","embeddable":true,"href":"https:\/\/staging.ivg.it\/ediapi\/wp\/v2\/tags?post=79287"}],"curies":[{"name":"wp","href":"https:\/\/api.w.org\/{rel}","templated":true}]}}