{"id":79285,"date":"2009-11-19T17:12:25","date_gmt":"2009-11-19T16:12:25","guid":{"rendered":"http:\/\/www.ivg.it\/2009\/11\/19\/savona-opere-sociali-si-e-insediato-il-nuovo-cda\/"},"modified":"2009-11-20T08:53:41","modified_gmt":"2009-11-20T07:53:41","slug":"savona-opere-sociali-si-e-insediato-il-nuovo-cda","status":"publish","type":"post","link":"https:\/\/staging.ivg.it\/2009\/11\/savona-opere-sociali-si-e-insediato-il-nuovo-cda\/","title":{"rendered":"Savona, Opere Sociali: si \u00e8 insediato il nuovo Cda"},"content":{"rendered":"<p><strong>[thumb:15240:l]Savona<\/strong>. Si \u00e8 insediato questo pomeriggio il nuovo Consiglio d&#8217;amministrazione delle Opere Sociali di Savona. Oltre alla presidente Donatella Ramello, riconfermata, erano presenti i consiglieri Piero Astengo, Vincenzo Catalano, Lorenzo Prando, Antonella Brandone e Massimo Santone. Quest&#8217;ultimo \u00e8 stato nominato vice presidente.<\/p>\n<p>Il consiglio rimarr\u00e0 in carica per 5 anni. L&#8217;obiettivo primario \u00e8 quello del completamento della residenza protetta di Monticello a Savona. Dovrebbe essere pronta entro l&#8217;estate 2010. Potr\u00e0 ospitare 52 anziani, portando cos\u00ec a 157 posti nelle residenze protette gestite dalle Opere Sociali.[image:15239:r]<\/p>\n<p>&#8220;Sono lieta di poter prestare per un altro mandato la mia opera &#8211; ha dichiarato Donatella Ramello -. Spero di poter accrescere i servizi offerti dalle Opere per poter assistere sempre pi\u00f9 persone&#8221;. Come anticipato, durante la prima seduta, sono stati stabiliti i nuovi compensi che passano dai 12 mila euro all&#8217;anno del mandato precedente a 8 mila. &#8220;Tra gli altri obiettivi c&#8217;\u00e8 in particolare la ristrutturazione dell&#8217;edificio di via dei Governanti al Santuario dove verranno realizzati sei nuovi alloggi che saranno a canone moderato. E un impegno sempre pi\u00f9 forte sar\u00e0 profuso nel rilancio turistico del Santuario. Compito che sar\u00e0 svolto principalmente dal consigliere Astengo&#8221;.<\/p>\n","protected":false},"excerpt":{"rendered":"<p>[thumb:15240:l]Savona. Si \u00e8 insediato questo pomeriggio il nuovo Consiglio d&#8217;amministrazione delle Opere Sociali di Savona. Oltre alla presidente Donatella Ramello, riconfermata, erano presenti i consiglieri Piero Astengo, Vincenzo Catalano, Lorenzo Prando, Antonella Brandone e Massimo Santone. Quest&#8217;ultimo \u00e8 stato nominato vice presidente. Il consiglio rimarr\u00e0 in carica per 5 anni. L&#8217;obiettivo primario \u00e8 quello del [&hellip;]<\/p>\n","protected":false},"author":5,"featured_media":0,"comment_status":"open","ping_status":"closed","sticky":false,"template":"","format":"standard","meta":{"footnotes":""},"categories":[],"tags":[9037,6672,3090,85850],"class_list":["post-79285","post","type-post","status-publish","format-standard","hentry","tag-cda","tag-donatella-ramello","tag-opere-sociali","tag-savona","post_cat_citta-savona"],"amp_validity":null,"amp_enabled":true,"_links":{"self":[{"href":"https:\/\/staging.ivg.it\/ediapi\/wp\/v2\/posts\/79285","targetHints":{"allow":["GET"]}}],"collection":[{"href":"https:\/\/staging.ivg.it\/ediapi\/wp\/v2\/posts"}],"about":[{"href":"https:\/\/staging.ivg.it\/ediapi\/wp\/v2\/types\/post"}],"author":[{"embeddable":true,"href":"https:\/\/staging.ivg.it\/ediapi\/wp\/v2\/users\/5"}],"replies":[{"embeddable":true,"href":"https:\/\/staging.ivg.it\/ediapi\/wp\/v2\/comments?post=79285"}],"version-history":[{"count":0,"href":"https:\/\/staging.ivg.it\/ediapi\/wp\/v2\/posts\/79285\/revisions"}],"wp:attachment":[{"href":"https:\/\/staging.ivg.it\/ediapi\/wp\/v2\/media?parent=79285"}],"wp:term":[{"taxonomy":"category","embeddable":true,"href":"https:\/\/staging.ivg.it\/ediapi\/wp\/v2\/categories?post=79285"},{"taxonomy":"post_tag","embeddable":true,"href":"https:\/\/staging.ivg.it\/ediapi\/wp\/v2\/tags?post=79285"}],"curies":[{"name":"wp","href":"https:\/\/api.w.org\/{rel}","templated":true}]}}