{"id":79151,"date":"2009-11-17T10:53:57","date_gmt":"2009-11-17T09:53:57","guid":{"rendered":"http:\/\/www.ivg.it\/2009\/11\/17\/albenga-arrestato-tunisino-irregolare\/"},"modified":"2009-11-17T11:30:14","modified_gmt":"2009-11-17T10:30:14","slug":"albenga-arrestato-tunisino-irregolare","status":"publish","type":"post","link":"https:\/\/staging.ivg.it\/2009\/11\/albenga-arrestato-tunisino-irregolare\/","title":{"rendered":"Albenga, arrestato tunisino irregolare"},"content":{"rendered":"<p><strong>[thumb:1740:l]Albenga<\/strong>. E&#8217; stato fermato ieri sera dai carabinieri per un controllo in Viale Liguria ad Albenga, nell&#8217;ambito dell&#8217;attivit\u00e0 di contrasto al fenomeno dell&#8217;immigrazione clandestina. A.A., 32 anni, tunisino, \u00e8 stato arrestato per violazione della legge Bossi-Fini: dagli accertamenti svolti dai militari \u00e8 emerso che nei suoi confronti era gi\u00e0 stato notificato un precedente decreto di espulsione emesso dal Questore di Savona nel luglio di quest&#8217;anno.<\/p>\n","protected":false},"excerpt":{"rendered":"<p>[thumb:1740:l]Albenga. E&#8217; stato fermato ieri sera dai carabinieri per un controllo in Viale Liguria ad Albenga, nell&#8217;ambito dell&#8217;attivit\u00e0 di contrasto al fenomeno dell&#8217;immigrazione clandestina. A.A., 32 anni, tunisino, \u00e8 stato arrestato per violazione della legge Bossi-Fini: dagli accertamenti svolti dai militari \u00e8 emerso che nei suoi confronti era gi\u00e0 stato notificato un precedente decreto di [&hellip;]<\/p>\n","protected":false},"author":4,"featured_media":0,"comment_status":"open","ping_status":"closed","sticky":false,"template":"","format":"standard","meta":{"footnotes":""},"categories":[34],"tags":[1044,228,2554,12608,1550,4964,7587,7395,4188],"class_list":["post-79151","post","type-post","status-publish","format-standard","hentry","category-cronaca","tag-arrestato","tag-carabinieri","tag-clandestina","tag-decreto","tag-immigrazione","tag-immigrazione-clandestina","tag-notifica","tag-tunisino","tag-violazione","post_cat_citta-albenga","post_cat_citta-andora","post_cat_citta-savona"],"amp_validity":null,"amp_enabled":true,"_links":{"self":[{"href":"https:\/\/staging.ivg.it\/ediapi\/wp\/v2\/posts\/79151","targetHints":{"allow":["GET"]}}],"collection":[{"href":"https:\/\/staging.ivg.it\/ediapi\/wp\/v2\/posts"}],"about":[{"href":"https:\/\/staging.ivg.it\/ediapi\/wp\/v2\/types\/post"}],"author":[{"embeddable":true,"href":"https:\/\/staging.ivg.it\/ediapi\/wp\/v2\/users\/4"}],"replies":[{"embeddable":true,"href":"https:\/\/staging.ivg.it\/ediapi\/wp\/v2\/comments?post=79151"}],"version-history":[{"count":0,"href":"https:\/\/staging.ivg.it\/ediapi\/wp\/v2\/posts\/79151\/revisions"}],"wp:attachment":[{"href":"https:\/\/staging.ivg.it\/ediapi\/wp\/v2\/media?parent=79151"}],"wp:term":[{"taxonomy":"category","embeddable":true,"href":"https:\/\/staging.ivg.it\/ediapi\/wp\/v2\/categories?post=79151"},{"taxonomy":"post_tag","embeddable":true,"href":"https:\/\/staging.ivg.it\/ediapi\/wp\/v2\/tags?post=79151"}],"curies":[{"name":"wp","href":"https:\/\/api.w.org\/{rel}","templated":true}]}}