{"id":78980,"date":"2009-11-13T11:00:07","date_gmt":"2009-11-13T10:00:07","guid":{"rendered":"http:\/\/www.ivg.it\/2009\/11\/13\/giornata-nazionale-orientagiovani-incontro-presso-lunione-industriali\/"},"modified":"2009-11-13T12:15:29","modified_gmt":"2009-11-13T11:15:29","slug":"giornata-nazionale-orientagiovani-incontro-presso-lunione-industriali","status":"publish","type":"post","link":"https:\/\/staging.ivg.it\/2009\/11\/giornata-nazionale-orientagiovani-incontro-presso-lunione-industriali\/","title":{"rendered":"Giornata nazionale &#8220;Orientagiovani&#8221;: incontro presso l&#8217;Unione Industriali"},"content":{"rendered":"<p><strong>[thumb:3725:l]Savona<\/strong>. Accrescere le competenze scientifiche e tecnologiche \u00e8 sia un buon investimento per i giovani, sia una positiva risposta alla domanda di professionalit\u00e0 delle imprese, ma \u00e8 anche un serio contributo a recuperare un equilibrato rapporto tra il mondo del lavoro e il territorio attraverso una migliore conoscenza dei problemi e l&#8217;acquisizione degli strumenti pi\u00f9 adeguati.<\/p>\n<p>Le imprese hanno bisogno di diplomati e laureati in queste discipline per migliorare la propria capacit\u00e0 gestionale, progettuale e di innovazione. La differenza tra la richiesta delle aziende e la disponibilit\u00e0 di laureati e diplomati in discipline tecniche rappresenta un vero e proprio gap che abbassa la competitivit\u00e0 del sistema economico della nostra provincia e diminuisce le opportunit\u00e0, per i giovani, di poter lavorare nella loro terra e di mettere i loro talenti a disposizione delle iniziative rivolte ad alimentare lo sviluppo economico e sociale della comunit\u00e0 savonese.<\/p>\n<p>Attraverso la scienza e la tecnologia l&#8217;industria ha potuto conservare ed espandere la propria capacit\u00e0 di generare ricchezza, di mantenere un&#8217;elevata qualit\u00e0 della vita e di fare di questo territorio un ambiente dove \u00e8 gradevole vivere e lavorare, dove un giovane pu\u00f2 trovare forti motivazioni per dare un senso ed un valore alle proprie aspirazioni.<\/p>\n<p>Per tutto ci\u00f2 anche quest&#8217;anno l&#8217;Unione Industriali della Provincia di Savona ha voluto organizzare un evento nell&#8217;ambito della XVI giornata nazionale &#8220;Orientagiovani&#8221;. Lo scopo \u00e8 continuare a far crescere le vocazioni scientifiche tra i giovani che potranno, in questa occasione,  approfondire le caratteristiche produttive, i progetti e le esigenze di professionalit\u00e0 di alcune delle realt\u00e0 industriali pi\u00f9 importanti della provincia, grazie alle testimonianze dei manager che vi operano.<\/p>\n<p>L&#8217;incontro si terr\u00e0 marted\u00ec 17 novembre alle ore 10 presso la sala convegni Unione Industriali Savona in via Gramsci 10. Verter\u00e0 siul tema &#8220;Industria: un&#8217;opportunit\u00e0 per il tuo futuro. Quando innovare e competere dipende dalle nuove generazioni&#8221;.<\/p>\n","protected":false},"excerpt":{"rendered":"<p>[thumb:3725:l]Savona. Accrescere le competenze scientifiche e tecnologiche \u00e8 sia un buon investimento per i giovani, sia una positiva risposta alla domanda di professionalit\u00e0 delle imprese, ma \u00e8 anche un serio contributo a recuperare un equilibrato rapporto tra il mondo del lavoro e il territorio attraverso una migliore conoscenza dei problemi e l&#8217;acquisizione degli strumenti pi\u00f9 [&hellip;]<\/p>\n","protected":false},"author":13744,"featured_media":0,"comment_status":"open","ping_status":"closed","sticky":false,"template":"","format":"standard","meta":{"footnotes":""},"categories":[35],"tags":[2860,1817,4979,509,9271,85850,86052],"class_list":["post-78980","post","type-post","status-publish","format-standard","hentry","category-economia","tag-incontro","tag-industria","tag-innovazione","tag-lavoro","tag-orientagiovani","tag-savona","tag-unione-industriali","post_cat_citta-savona"],"amp_validity":null,"amp_enabled":true,"_links":{"self":[{"href":"https:\/\/staging.ivg.it\/ediapi\/wp\/v2\/posts\/78980","targetHints":{"allow":["GET"]}}],"collection":[{"href":"https:\/\/staging.ivg.it\/ediapi\/wp\/v2\/posts"}],"about":[{"href":"https:\/\/staging.ivg.it\/ediapi\/wp\/v2\/types\/post"}],"author":[{"embeddable":true,"href":"https:\/\/staging.ivg.it\/ediapi\/wp\/v2\/users\/13744"}],"replies":[{"embeddable":true,"href":"https:\/\/staging.ivg.it\/ediapi\/wp\/v2\/comments?post=78980"}],"version-history":[{"count":0,"href":"https:\/\/staging.ivg.it\/ediapi\/wp\/v2\/posts\/78980\/revisions"}],"wp:attachment":[{"href":"https:\/\/staging.ivg.it\/ediapi\/wp\/v2\/media?parent=78980"}],"wp:term":[{"taxonomy":"category","embeddable":true,"href":"https:\/\/staging.ivg.it\/ediapi\/wp\/v2\/categories?post=78980"},{"taxonomy":"post_tag","embeddable":true,"href":"https:\/\/staging.ivg.it\/ediapi\/wp\/v2\/tags?post=78980"}],"curies":[{"name":"wp","href":"https:\/\/api.w.org\/{rel}","templated":true}]}}