{"id":78977,"date":"2009-11-13T10:39:52","date_gmt":"2009-11-13T09:39:52","guid":{"rendered":"http:\/\/www.ivg.it\/2009\/11\/13\/cairo-ennesimo-denuncia-per-guida-in-stato-di-ebbrezza-e-20-contravvenzioni\/"},"modified":"2009-11-13T12:30:22","modified_gmt":"2009-11-13T11:30:22","slug":"cairo-ennesimo-denuncia-per-guida-in-stato-di-ebbrezza-e-20-contravvenzioni","status":"publish","type":"post","link":"https:\/\/staging.ivg.it\/2009\/11\/cairo-ennesimo-denuncia-per-guida-in-stato-di-ebbrezza-e-20-contravvenzioni\/","title":{"rendered":"Cairo, ennesima denuncia per guida in stato di ebbrezza e 20 contravvenzioni"},"content":{"rendered":"<p><strong>[thumb:14605:l]Cairo Montenotte<\/strong>. E&#8217; la quarta denuncia per guida in stato di ebbrezza in cinque giorni. L&#8217;impegno nei controlli stradali da parte dei carabinieri della Compagnia di Cairo sta mietendo &#8220;vittime&#8221; fra i guidatori pi\u00f9 imprudenti. Anche A.T., 53 anni, valbormidese, \u00e8 incappato in una pattuglia dell&#8217;Arma mentre era al volante della sua Fiat Punto. La vettura di colore grigio stava sfrecciando contromano in una strada centrale intorno all&#8217;ora di pranzo.<\/p>\n<p>L&#8217;automobilista, sottoposto all&#8217;etilometro, ha rivelato una quantit\u00e0 di alcool nel sangue superiore di cinque volte il limite consentito. I militari, inoltre, hanno constatato la mancata revisione del veicolo. L&#8217;uomo \u00e8 stato segnalato all&#8217;autorit\u00e0 giudiziaria, gli \u00e8 stata ritirata la patente e la macchina \u00e8 stata avviata alla confisca.<\/p>\n<p>E&#8217; di ieri mattina, inoltre, un servizio coordinato che ha impiegato i carabinieri cairesi nella verifica dei comportamenti stradali. Il bilancio \u00e8 di 20 contravvenzioni, elevate in particolare per la mancanza di cinture di sicurezza e per l&#8217;uso del telefonino alla guida. La stretta sugli utenti della strada proseguir\u00e0 anche nei prossimi giorni con ulteriori controlli.<\/p>\n","protected":false},"excerpt":{"rendered":"<p>[thumb:14605:l]Cairo Montenotte. E&#8217; la quarta denuncia per guida in stato di ebbrezza in cinque giorni. L&#8217;impegno nei controlli stradali da parte dei carabinieri della Compagnia di Cairo sta mietendo &#8220;vittime&#8221; fra i guidatori pi\u00f9 imprudenti. Anche A.T., 53 anni, valbormidese, \u00e8 incappato in una pattuglia dell&#8217;Arma mentre era al volante della sua Fiat Punto. La [&hellip;]<\/p>\n","protected":false},"author":13744,"featured_media":0,"comment_status":"open","ping_status":"closed","sticky":false,"template":"","format":"standard","meta":{"footnotes":""},"categories":[34],"tags":[151,228,4273,1188,4364,1064],"class_list":["post-78977","post","type-post","status-publish","format-standard","hentry","category-cronaca","tag-cairo","tag-carabinieri","tag-contravvenzioni","tag-denuncia","tag-guida-in-stato-di-ebbrezza","tag-multe","post_cat_citta-cairo-montenotte"],"amp_validity":null,"amp_enabled":true,"_links":{"self":[{"href":"https:\/\/staging.ivg.it\/ediapi\/wp\/v2\/posts\/78977","targetHints":{"allow":["GET"]}}],"collection":[{"href":"https:\/\/staging.ivg.it\/ediapi\/wp\/v2\/posts"}],"about":[{"href":"https:\/\/staging.ivg.it\/ediapi\/wp\/v2\/types\/post"}],"author":[{"embeddable":true,"href":"https:\/\/staging.ivg.it\/ediapi\/wp\/v2\/users\/13744"}],"replies":[{"embeddable":true,"href":"https:\/\/staging.ivg.it\/ediapi\/wp\/v2\/comments?post=78977"}],"version-history":[{"count":0,"href":"https:\/\/staging.ivg.it\/ediapi\/wp\/v2\/posts\/78977\/revisions"}],"wp:attachment":[{"href":"https:\/\/staging.ivg.it\/ediapi\/wp\/v2\/media?parent=78977"}],"wp:term":[{"taxonomy":"category","embeddable":true,"href":"https:\/\/staging.ivg.it\/ediapi\/wp\/v2\/categories?post=78977"},{"taxonomy":"post_tag","embeddable":true,"href":"https:\/\/staging.ivg.it\/ediapi\/wp\/v2\/tags?post=78977"}],"curies":[{"name":"wp","href":"https:\/\/api.w.org\/{rel}","templated":true}]}}