{"id":78917,"date":"2009-11-12T11:36:21","date_gmt":"2009-11-12T10:36:21","guid":{"rendered":"http:\/\/www.ivg.it\/2009\/11\/12\/campus-un-incontro-sul-tema-della-cooperazione-allo-sviluppo\/"},"modified":"2009-11-12T11:36:21","modified_gmt":"2009-11-12T10:36:21","slug":"campus-un-incontro-sul-tema-della-cooperazione-allo-sviluppo","status":"publish","type":"post","link":"https:\/\/staging.ivg.it\/2009\/11\/campus-un-incontro-sul-tema-della-cooperazione-allo-sviluppo\/","title":{"rendered":"Campus, un incontro sul tema della cooperazione allo sviluppo"},"content":{"rendered":"<p><strong>[thumb:4772:l]Savona<\/strong>. &#8220;Le tendenze della cooperazione allo sviluppo: il modello Malawi&#8221; \u00e8 il tema di un incontro che si terr\u00e0 mercoled\u00ec 18 novembre alle ore 17,15 presso il Campus Universitario Savona in via Magliotto, nelle aule Spes. E&#8217; organizzato dal centro di documentazione &#8220;Libromondo&#8221; Provincia di Savona, da Aifo Ong Gruppo di Savona e Piattaforma della Mondialit\u00e0 Savona, in collaborazione con Spes ScpA, Cisp Ong, con il patrocinio dell&#8217;Universit\u00e0 degli studi di Genova, Facolt\u00e0 di Scienze della Formazione e Scienze della Comunicazione.<\/p>\n<p>L&#8217;incontro sar\u00e0 presieduto da Davide Delbono dell&#8217;ufficio cooperazione internazionale Provincia di Savona &#8211; Centro di documentazione &#8220;Libromondo&#8221;. Dopo il saluto di Angelo Vaccarezza, presidente della Provincia di Savona, interverr\u00e0 il relatore Paolo Dieci dell&#8217;ong Cisp (Comitato Internazionale per lo Sviluppo dei Popoli).<\/p>\n<p>A seguire avranno luogo i seguenti interventi: &#8220;Le prospettive della cooperazione italiana allo sviluppo&#8221; di Anna Cossetta, docente di Economia e Politica dello Sviluppo all&#8217;Universit\u00e0 degli Studi di Genova; &#8220;Il ruolo della societ\u00e0 civile a livello locale per promuovere una cultura di Cooperazione&#8221; di Sergio Schintu dell&#8217;Unit\u00e0 di Coordinamento della Piattaforma Mondialit\u00e0 Savona; &#8220;Il ruolo delle istituzioni locali per sviluppare la Cooperazione Decentrata&#8221; di Claudio Rissicini di Liguria International. Le conclusioni del dibattito saranno a cura di Maurza Viezzoli, responsabile Innovazione e Risorse del Cisp.<\/p>\n","protected":false},"excerpt":{"rendered":"<p>[thumb:4772:l]Savona. &#8220;Le tendenze della cooperazione allo sviluppo: il modello Malawi&#8221; \u00e8 il tema di un incontro che si terr\u00e0 mercoled\u00ec 18 novembre alle ore 17,15 presso il Campus Universitario Savona in via Magliotto, nelle aule Spes. E&#8217; organizzato dal centro di documentazione &#8220;Libromondo&#8221; Provincia di Savona, da Aifo Ong Gruppo di Savona e Piattaforma della [&hellip;]<\/p>\n","protected":false},"author":13744,"featured_media":0,"comment_status":"open","ping_status":"closed","sticky":false,"template":"","format":"standard","meta":{"footnotes":""},"categories":[35],"tags":[1828,14745,7060,2860,14747,85850],"class_list":["post-78917","post","type-post","status-publish","format-standard","hentry","category-economia","tag-campus","tag-cooperazione-allo-sviluppo","tag-davide-delbono","tag-incontro","tag-libromondo","tag-savona","post_cat_citta-savona"],"amp_validity":null,"amp_enabled":true,"_links":{"self":[{"href":"https:\/\/staging.ivg.it\/ediapi\/wp\/v2\/posts\/78917","targetHints":{"allow":["GET"]}}],"collection":[{"href":"https:\/\/staging.ivg.it\/ediapi\/wp\/v2\/posts"}],"about":[{"href":"https:\/\/staging.ivg.it\/ediapi\/wp\/v2\/types\/post"}],"author":[{"embeddable":true,"href":"https:\/\/staging.ivg.it\/ediapi\/wp\/v2\/users\/13744"}],"replies":[{"embeddable":true,"href":"https:\/\/staging.ivg.it\/ediapi\/wp\/v2\/comments?post=78917"}],"version-history":[{"count":0,"href":"https:\/\/staging.ivg.it\/ediapi\/wp\/v2\/posts\/78917\/revisions"}],"wp:attachment":[{"href":"https:\/\/staging.ivg.it\/ediapi\/wp\/v2\/media?parent=78917"}],"wp:term":[{"taxonomy":"category","embeddable":true,"href":"https:\/\/staging.ivg.it\/ediapi\/wp\/v2\/categories?post=78917"},{"taxonomy":"post_tag","embeddable":true,"href":"https:\/\/staging.ivg.it\/ediapi\/wp\/v2\/tags?post=78917"}],"curies":[{"name":"wp","href":"https:\/\/api.w.org\/{rel}","templated":true}]}}