{"id":78876,"date":"2009-11-11T14:19:36","date_gmt":"2009-11-11T13:19:36","guid":{"rendered":"http:\/\/www.ivg.it\/2009\/11\/11\/albenga-pdl-montaldo-nuovo-commissario-del-partito\/"},"modified":"2009-11-11T14:19:36","modified_gmt":"2009-11-11T13:19:36","slug":"albenga-pdl-montaldo-nuovo-commissario-del-partito","status":"publish","type":"post","link":"https:\/\/staging.ivg.it\/2009\/11\/albenga-pdl-montaldo-nuovo-commissario-del-partito\/","title":{"rendered":"Albenga, Pdl: Montaldo nuovo commissario del partito"},"content":{"rendered":"<p><strong>[thumb:9840:l]Albenga<\/strong>. Il coordinatore provinciale del Pdl di Savona, Roberta Gasco, ha comunicato che Silvano Montaldo sar\u00e0 il nuovo commissario del partito ad Albenga. La Gasco, in accordo con i due vice, ha comunicato di aver preso questa decisione per traghettare il partito fino alle elezioni. &#8220;&#8221;Abbiamo deciso che fosse necessario garantire l&#8217;immediata operativit\u00e0 del partito ad Albenga e quindi procedere con la nomina di un commissario che guidi il partito almeno fino a dopo le elezioni. Avremmo voluto fare una nomina scaturita dal confronto con la realt\u00e0 albenganese e giungere ad un obiettivo condiviso ma l&#8217;appuntamento elettorale di marzo \u00e8 troppo prossimo, in citt\u00e0 fervono i &#8216;preparativi&#8217; per la campagna elettorale, soprattutto per quelle amministrative e necessitava una pronta risposta&#8221; ha spiegato la Gasco.<\/p>\n<p>Il Coordinatore Provinciale spiega che in questa fase costituente il Pdl cerca prima di tutto l&#8217;equilibrio: &#8220;Ad Albenga non ci sono i tempi per dipanare in tempo utile la matassa e quindi la scelta ritenuta pi\u00f9 giusta \u00e8 la nomina di un commissario esterno che, in nome e per conto del partito, coordini la fase preparatoria alla campagna elettorale, con il maggior equilibrio possibile. Il ruolo del Pdl ad Albenga \u00e8 sicuramente determinante. Per questo abbiamo individuato in Silvano Montaldo un profondo conoscitore della realt\u00e0 albenganese, che manterr\u00e0 il ruolo di commissario almeno fino alle elezioni. La persona migliore per ricoprire un delicato incarico. A lui anche mandato pieno per valutare le modalit\u00e0 operative con cui portare avanti questo importante impegno&#8221;.<\/p>\n","protected":false},"excerpt":{"rendered":"<p>[thumb:9840:l]Albenga. Il coordinatore provinciale del Pdl di Savona, Roberta Gasco, ha comunicato che Silvano Montaldo sar\u00e0 il nuovo commissario del partito ad Albenga. La Gasco, in accordo con i due vice, ha comunicato di aver preso questa decisione per traghettare il partito fino alle elezioni. &#8220;&#8221;Abbiamo deciso che fosse necessario garantire l&#8217;immediata operativit\u00e0 del partito [&hellip;]<\/p>\n","protected":false},"author":13744,"featured_media":0,"comment_status":"open","ping_status":"closed","sticky":false,"template":"","format":"standard","meta":{"footnotes":""},"categories":[31],"tags":[85841,3812,216,9061,14698],"class_list":["post-78876","post","type-post","status-publish","format-standard","hentry","category-politica","tag-albenga","tag-commissario","tag-pdl","tag-roberta-gasco","tag-silvano-montaldo","post_cat_citta-albenga"],"amp_validity":null,"amp_enabled":true,"_links":{"self":[{"href":"https:\/\/staging.ivg.it\/ediapi\/wp\/v2\/posts\/78876","targetHints":{"allow":["GET"]}}],"collection":[{"href":"https:\/\/staging.ivg.it\/ediapi\/wp\/v2\/posts"}],"about":[{"href":"https:\/\/staging.ivg.it\/ediapi\/wp\/v2\/types\/post"}],"author":[{"embeddable":true,"href":"https:\/\/staging.ivg.it\/ediapi\/wp\/v2\/users\/13744"}],"replies":[{"embeddable":true,"href":"https:\/\/staging.ivg.it\/ediapi\/wp\/v2\/comments?post=78876"}],"version-history":[{"count":0,"href":"https:\/\/staging.ivg.it\/ediapi\/wp\/v2\/posts\/78876\/revisions"}],"wp:attachment":[{"href":"https:\/\/staging.ivg.it\/ediapi\/wp\/v2\/media?parent=78876"}],"wp:term":[{"taxonomy":"category","embeddable":true,"href":"https:\/\/staging.ivg.it\/ediapi\/wp\/v2\/categories?post=78876"},{"taxonomy":"post_tag","embeddable":true,"href":"https:\/\/staging.ivg.it\/ediapi\/wp\/v2\/tags?post=78876"}],"curies":[{"name":"wp","href":"https:\/\/api.w.org\/{rel}","templated":true}]}}