{"id":78826,"date":"2009-11-10T12:08:41","date_gmt":"2009-11-10T11:08:41","guid":{"rendered":"http:\/\/www.ivg.it\/2009\/11\/10\/savona-priamar-via-libera-della-giunta-a-discoteca-e-spazio-per-i-giovani\/"},"modified":"2009-11-10T16:55:53","modified_gmt":"2009-11-10T15:55:53","slug":"savona-priamar-via-libera-della-giunta-a-discoteca-e-spazio-per-i-giovani","status":"publish","type":"post","link":"https:\/\/staging.ivg.it\/2009\/11\/savona-priamar-via-libera-della-giunta-a-discoteca-e-spazio-per-i-giovani\/","title":{"rendered":"Savona, Priamar: ok della Giunta a discoteca e spazio per i giovani"},"content":{"rendered":"<p>[thumb:14617:l]<strong>Savona<\/strong>. Via libera della Giunta comunale savonese al progetto di uno spazio dedicato ai giovani all&#8217;interno del complesso monumentale del Priamar. La delibera \u00e8 stata approvata questa mattina su proposta congiunta degli assessori Ferdinando Molteni e Franco Aglietto. Turismo e cultura unite con l&#8217;obiettivo di sanare una delle principali criticit\u00e0 per la citt\u00e0 della Torretta: la mancanza di luoghi di aggregazione giovanile. L&#8217;area diventer\u00e0 un vero e proprio punto di riferimento per i giovani e sar\u00e0 un vero e proprio contenitore culturale e non solo. Sar\u00e0 uno spazio dedicato a manifestazioni, mostre, eventi e altro, insomma uno spazio a 360\u00b0, un punto d&#8217;incontro per i giovani all&#8217;interno della fortezza savonese.<\/p>\n<p>Questa delibera spiana anche la strada alla realizzazione della discoteca all&#8217;aperto sul Priamar, ma a questo punto la palla passa ai privati e alla loro disponibilit\u00e0 ad investire. L&#8217;operazione sarebbe a costo zero per l&#8217;amministrazione comunale, in quanto i lavori sarebbero tutti a carico dei privati in cambio di una concessione pluriennale per l&#8217;utilizzo degli spazi interni al Priamar. Nello specifico la zona della fortezza in cui verrebbe realizzato lo spazio di aggregazione giovanile \u00e8 quella denominata &#8220;Cortina San Biagio&#8221;, un&#8217;area che, allo stato attuale, \u00e8 completamente inutilizzata e rischia l&#8217;abbandono ed il degrado. Sar\u00e0 quindi avviata una procedura di evidenza pubblica mirata a valutare proposte di concessione e gestione, ad operatori privati, dell&#8217;area esterna del Complesso Monumentale del Priamar denominata Cortina di San Biagio, al fine di realizzarvi un centro di aggregazione giovanile, ed affindando ai proponenti l&#8217;onere di tutti gli interventi di restauro e messa in sicurezza dell&#8217;area.<\/p>\n<p>&#8220;Abbiamo approvato questo atto di indirizzo &#8211; spiega l&#8217;assessore al turismo Franco Aglietto &#8211; a seguito di una concertazione su due grandi temi. Innanzitutto pensiamo che le politiche giovanili debbano essere portate avanti accanto ad una prospettiva di sviluppo turistico della citt\u00e0. Savona sta sempre pi\u00f9 realizzando la sua vocazione turistica ma non ha ancora un&#8217;offerta di intrattenimento  mirata nello specifico ai giovani, i ragazzi di et\u00e0 compresa tra i 15 e i 25 anni, che si spostano dunque verso altre citt\u00e0. Vogliamo poi avviare una discussione e valutazione ovviamente anche tecnica intorno ad una domanda: pu\u00f2 l&#8217;area della Cortina San Biagio essere un luogo idoneo a svolgere una funzione ludico-ricreativa per i giovani? Uno spazio quindi destinato alle mostre, alla cultura, al bar ed eventuale ristorazione, alla musica dal vivo o con dj? All&#8217;amministrazione \u00e8 giunta ad oggi una proposta da parte di soggetti privati che richiede la concessione per un periodo di almeno 12 anni, rinnovabile, dell&#8217;area e la sua destinazione a centro di aggregazione giovanile con le funzioni esposte. Il progetto prevede inoltre che siano i proponenti a farsi carico delle spese per il restaura e la messa in sicurezza delle murature e degli accessi della Cortina di San Biagio. Quest&#8217;area si presenta infatti in un grave stato di degrado e i costi per gli interventi di conservazione e recupero sono ingenti. Con l&#8217;atto di indirizzo deliberato oggi vogliamo portare la cittadinanza e gli operatori interessati a conoscenza della disponibilit\u00e0, da parte dell&#8217;amministrazione, di valutare altre proposte, che rispondano agli stessi obiettivi e prevedano sempre l&#8217;onere delle spese di recupero e messa in sicurezza a carico dei proponenti. I progetti saranno riferiti all&#8217;utilizzo dei soli manufatti esterni e dovranno prevedere l&#8217;utilizzo di strutture non invasive, facilmente movibili e compatibili con i vincoli monumentali e paesaggistici impressi sull&#8217;immobile&#8221;.<\/p>\n<p>&#8220;L&#8217;Assessorato alla Cultura &#8211; spiega l&#8217;Assessore Ferdinando Molteni &#8211; si far\u00e0 carico di valutare le proposte specificamente per ci\u00f2 che attiene il rispetto dei vincoli sull&#8217;immobile e la compatibilit\u00e0 con le caratteristiche tecniche e strutturali di questa porzione del Complesso Monumentale del Priamar e con le funzioni oggi esistenti al suo interno. L&#8217;offerta di mostre, eventi, concerti e lirica della Fortezza \u00e8 oggi il fiore all&#8217;occhiello della Citt\u00e0 ed \u00e8 proprio partendo da questa consapevolezza che nasce la volont\u00e0 di fare un passaggio ulteriore, con un&#8217;offerta mirata ai giovani. Tengo a specificare che si tratta di un&#8217;operazione ragionata e ragionevole e che speriamo possa contare sul contributo di storici, intellettuali e appassionati che da sempre contribuiscono alla discussione sui temi inerenti la citt\u00e0 e che vorranno esprimere pareri ed opinioni, anche discordanti, sul progetto&#8221;.<\/p>\n","protected":false},"excerpt":{"rendered":"<p>[thumb:14617:l]Savona. Via libera della Giunta comunale savonese al progetto di uno spazio dedicato ai giovani all&#8217;interno del complesso monumentale del Priamar. La delibera \u00e8 stata approvata questa mattina su proposta congiunta degli assessori Ferdinando Molteni e Franco Aglietto. Turismo e cultura unite con l&#8217;obiettivo di sanare una delle principali criticit\u00e0 per la citt\u00e0 della Torretta: [&hellip;]<\/p>\n","protected":false},"author":4,"featured_media":0,"comment_status":"open","ping_status":"closed","sticky":false,"template":"","format":"standard","meta":{"footnotes":""},"categories":[34],"tags":[4222,1245,2062,85995,85850,14651,14650],"class_list":["post-78826","post","type-post","status-publish","format-standard","hentry","category-cronaca","tag-discoteca","tag-giovani","tag-giunta","tag-priamar","tag-savona","tag-spazio","tag-via-libera","post_cat_citta-savona"],"amp_validity":null,"amp_enabled":true,"_links":{"self":[{"href":"https:\/\/staging.ivg.it\/ediapi\/wp\/v2\/posts\/78826","targetHints":{"allow":["GET"]}}],"collection":[{"href":"https:\/\/staging.ivg.it\/ediapi\/wp\/v2\/posts"}],"about":[{"href":"https:\/\/staging.ivg.it\/ediapi\/wp\/v2\/types\/post"}],"author":[{"embeddable":true,"href":"https:\/\/staging.ivg.it\/ediapi\/wp\/v2\/users\/4"}],"replies":[{"embeddable":true,"href":"https:\/\/staging.ivg.it\/ediapi\/wp\/v2\/comments?post=78826"}],"version-history":[{"count":0,"href":"https:\/\/staging.ivg.it\/ediapi\/wp\/v2\/posts\/78826\/revisions"}],"wp:attachment":[{"href":"https:\/\/staging.ivg.it\/ediapi\/wp\/v2\/media?parent=78826"}],"wp:term":[{"taxonomy":"category","embeddable":true,"href":"https:\/\/staging.ivg.it\/ediapi\/wp\/v2\/categories?post=78826"},{"taxonomy":"post_tag","embeddable":true,"href":"https:\/\/staging.ivg.it\/ediapi\/wp\/v2\/tags?post=78826"}],"curies":[{"name":"wp","href":"https:\/\/api.w.org\/{rel}","templated":true}]}}