{"id":78773,"date":"2009-11-09T11:51:15","date_gmt":"2009-11-09T10:51:15","guid":{"rendered":"http:\/\/www.ivg.it\/2009\/11\/09\/calice-una-mostra-per-ricordare-don-bianchi\/"},"modified":"2009-11-09T11:51:15","modified_gmt":"2009-11-09T10:51:15","slug":"calice-una-mostra-per-ricordare-don-bianchi","status":"publish","type":"post","link":"https:\/\/staging.ivg.it\/2009\/11\/calice-una-mostra-per-ricordare-don-bianchi\/","title":{"rendered":"Calice, una mostra per ricordare don Bianchi"},"content":{"rendered":"<p><strong>[thumb:14110:l]Calice Ligure<\/strong>. Ad un anno dalla sua scomparsa, il ricordo del popolare sacerdote don Bianchi \u00e8 pi\u00f9 vivo che mai nella memoria dei suoi parrocchiani di Calice Ligure, che hanno voluto dedicargli una mostra fotografica, con molto materiale realizzato dallo stesso don Bianchi, che ripercorre le tappe pi\u00f9 significative della sua esistenza. La mostra, che avr\u00e0 sede presso l&#8217;oratorio di san Carlo Borromeo (attiguo alla chiesa parrocchiale di san Nicol\u00f2), sar\u00e0 inaugurata venerd\u00ec 13 novembre: alle ore 20 sar\u00e0 celebrata dal parroco don Gianluigi Caneto una Messa di suffragio. Seguir\u00e0, nel teatrino parrocchiale, la cerimonia d&#8217;apertura della mostra, alla presenza del sindaco, con un intervento dell&#8217;archivista diocesano monsignor Leonardo Botta. In conclusione l&#8217;apertura della mostra e un rinfresco. La mostra sar\u00e0 visitabile dal 14 novembre al 10 gennaio col seguente orario: il sabato dalle 15,30 alle 19, e la domenica e i festivi dalle 10 alle 12 e dalle 15,30 alle 19.<\/p>\n<p>Grazie al contributo di diversi parrocchiani di Calice sono state raccolte 130 fotografie che tratteggiano la vita di Costantino Bianchi, nato a Rialto il 21 dicembre 1921, ordinato presbitero nel 1947, e che ha esercitato il suo ministero, dopo una parentesi iniziale a Valleggia, a Vezzi dal 1949 al 1966, a Calice Ligure dal 1966 al 1998, e negli ultimi dieci anni a Vene e Rialto. &#8220;Si parte da una foto del 1924 &#8211; spiegano gli organizzatori &#8211; e si prosegue con immagini di quand&#8217;era scolaro a Rialto e seminarista a Savona. Ci sono foto della sua ordinazione sacerdotale e degli anni trascorsi a Vezzi&#8221;.<\/p>\n<p>Il materiale pi\u00f9 corposo risale, ovviamente, agli anni calicesi, anche perch\u00e9 lo stesso don Bianchi era un appassionato fotografo e custodiva in canonica migliaia di scatti. &#8220;Con la sua collezione &#8211; affermano i parrocchiani &#8211; potremmo organizzare una seconda mostra, e stiamo gi\u00e0 pensando di realizzarla. In questa ci siamo concentrati su alcuni degli aspetti pi\u00f9 caratteristici dell&#8217;umanit\u00e0 di don Bianchi: la sua passione per le gite, i travolgenti abbracci, la sua capacit\u00e0 di stare in mezzo alla gente&#8221;. L&#8217;ultima foto della serie lo ritrae mentre concelebra con don Caneto la Messa nella chiesa della Madonna della Neve. E non manca anche uno scherzoso ex voto che un parrocchiano gli fece dopo una sua caduta dall&#8217;inseparabile motoretta.<\/p>\n","protected":false},"excerpt":{"rendered":"<p>[thumb:14110:l]Calice Ligure. Ad un anno dalla sua scomparsa, il ricordo del popolare sacerdote don Bianchi \u00e8 pi\u00f9 vivo che mai nella memoria dei suoi parrocchiani di Calice Ligure, che hanno voluto dedicargli una mostra fotografica, con molto materiale realizzato dallo stesso don Bianchi, che ripercorre le tappe pi\u00f9 significative della sua esistenza. La mostra, che [&hellip;]<\/p>\n","protected":false},"author":5,"featured_media":0,"comment_status":"open","ping_status":"closed","sticky":false,"template":"","format":"standard","meta":{"footnotes":""},"categories":[],"tags":[85887,1658,389,533],"class_list":["post-78773","post","type-post","status-publish","format-standard","hentry","tag-calice-ligure","tag-messa","tag-mostre-darte","tag-parroco","post_cat_citta-andora","post_cat_citta-calice-ligure"],"amp_validity":null,"amp_enabled":true,"_links":{"self":[{"href":"https:\/\/staging.ivg.it\/ediapi\/wp\/v2\/posts\/78773","targetHints":{"allow":["GET"]}}],"collection":[{"href":"https:\/\/staging.ivg.it\/ediapi\/wp\/v2\/posts"}],"about":[{"href":"https:\/\/staging.ivg.it\/ediapi\/wp\/v2\/types\/post"}],"author":[{"embeddable":true,"href":"https:\/\/staging.ivg.it\/ediapi\/wp\/v2\/users\/5"}],"replies":[{"embeddable":true,"href":"https:\/\/staging.ivg.it\/ediapi\/wp\/v2\/comments?post=78773"}],"version-history":[{"count":0,"href":"https:\/\/staging.ivg.it\/ediapi\/wp\/v2\/posts\/78773\/revisions"}],"wp:attachment":[{"href":"https:\/\/staging.ivg.it\/ediapi\/wp\/v2\/media?parent=78773"}],"wp:term":[{"taxonomy":"category","embeddable":true,"href":"https:\/\/staging.ivg.it\/ediapi\/wp\/v2\/categories?post=78773"},{"taxonomy":"post_tag","embeddable":true,"href":"https:\/\/staging.ivg.it\/ediapi\/wp\/v2\/tags?post=78773"}],"curies":[{"name":"wp","href":"https:\/\/api.w.org\/{rel}","templated":true}]}}