{"id":78713,"date":"2009-11-07T10:05:56","date_gmt":"2009-11-07T09:05:56","guid":{"rendered":"http:\/\/www.ivg.it\/2009\/11\/07\/pallanuoto-coppa-len-lamersfoort-non-crea-problemi-al-savona\/"},"modified":"2009-11-07T15:11:28","modified_gmt":"2009-11-07T14:11:28","slug":"pallanuoto-coppa-len-lamersfoort-non-crea-problemi-al-savona","status":"publish","type":"post","link":"https:\/\/staging.ivg.it\/2009\/11\/pallanuoto-coppa-len-lamersfoort-non-crea-problemi-al-savona\/","title":{"rendered":"Pallanuoto, Coppa Len: l&#8217;Amersfoort non crea problemi al Savona"},"content":{"rendered":"<p><strong>[thumb:14852:l]Savona<\/strong>. Esordio vittorioso per la Carisa Rari Nantes Savona nella prima giornata della seconda fase di Coppa Len. I biancorossi hanno inaugurato il concentramento in corso di svolgimento a Koper, in Slovenia, regolando facilmente la squadra olandese dell&#8217;Az&amp;pc Amersfoort. Netto il risultato a favore dei ragazzi guidati da Claudio Mistrangelo: 16 &#8211; 4.<\/p>\n<p>Reduci dal pareggio di Roma in campionato, i savonesi sono partiti determinati, ma nel primo quarto hanno incontrato la resistenza dei rivali, andando alla prima pausa in vantaggio per 3 a 2. Con il passare dei minuti il Savona ha preso il ritmo giusto e ha dilagato, allungando sul 7 &#8211; 2 a met\u00e0 partita, sull&#8217;11 &#8211; 3 all&#8217;ultimo intervallo, fino al 16 &#8211; 4 conclusivo.<\/p>\n<p>Per la Rari Nantes Savona sono andati in rete quattro volte Lapenna, tre volte ciascuno Varellas e Rizzo, due Giacoppo, e una a testa Goran Fiorentini, Angelini, Aicardi e Janovic. I biancorossi hanno dimostrato la consueta solidit\u00e0 in difesa, concedendo solamente 2 reti in superiorit\u00e0 numerica agli avversari, su 10 occasioni. Per il Savona il 50% con l&#8217;uomo in pi\u00f9: 3 reti in 6 possibilit\u00e0. Nessun giocatore \u00e8 uscito per raggiunto limite di falli.<\/p>\n<p>Il tabellino:<br \/>\nCarisa Rari Nantes Savona &#8211; Az&amp;pc Amersfoort 16 &#8211; 4<br \/>\n(Parziali: 3 &#8211; 2, 4 &#8211; 0, 4 &#8211; 1, 5 &#8211; 1).<br \/>\nCarisa Rari Nantes Savona: Pastorino, Varellas 3, F. Mistrangelo, Giacoppo 2, Damonte, Rizzo 3, Janovic 1, Angelini 1, M. Lapenna 4, D. Fiorentini, Aicardi 1, G. Fiorentini 1, Conti. All. C. Mistrangelo.<br \/>\nAz&amp;pc Amersfoort: Pol, Lucas 2, Hoogland 1, Van de Brink, Vis, Schouten, Wouters 1, Brandsen, Van der Velden, Van de Laan, Dorresteijn, Poorstra. All. S.Willem.<br \/>\nArbitri: Helmut Hausladen (Austria), Andreas Moiralis (Grecia). Delegato: Andrei Costantinov (Bulgaria).<\/p>\n<p>A seguire, i francesi del CN Marsiglia hanno sconfitto per 14 &#8211; 7 i padroni di casa del Rokava Koper (3 &#8211; 1, 3 &#8211; 2, 4 &#8211; 2, 4 &#8211; 2 i parziali). Alla luce dei risultati di ieri, pare scontato che la partita di oggi, alle ore 18, assegner\u00e0 il primato finale nel girone: si affronteranno Savona e Marsiglia. Alle 19,30 entreranno in acqua Rokava Koper e Amersfoort, per restare in gioco per la qualificazione. Domani turno conclusivo: alle 10 il Marsiglia se la vedr\u00e0 con l&#8217;Amersfoort, mentre la Rari Nantes Savona, alle 11,30, incontrer\u00e0 i locali del Koper.<\/p>\n","protected":false},"excerpt":{"rendered":"<p>[thumb:14852:l]Savona. Esordio vittorioso per la Carisa Rari Nantes Savona nella prima giornata della seconda fase di Coppa Len. I biancorossi hanno inaugurato il concentramento in corso di svolgimento a Koper, in Slovenia, regolando facilmente la squadra olandese dell&#8217;Az&amp;pc Amersfoort. Netto il risultato a favore dei ragazzi guidati da Claudio Mistrangelo: 16 &#8211; 4. Reduci dal [&hellip;]<\/p>\n","protected":false},"author":18,"featured_media":0,"comment_status":"open","ping_status":"closed","sticky":false,"template":"","format":"standard","meta":{"footnotes":""},"categories":[32],"tags":[13772,1211,14519,9811,11124,14002,166,85850,13903],"class_list":["post-78713","post","type-post","status-publish","format-standard","hentry","category-sport","tag-carisa-rari-nantes-savona","tag-claudio-mistrangelo","tag-concentramento","tag-coppa-len","tag-girone","tag-koper","tag-pallanuoto","tag-savona","tag-seconda-fase","post_cat_citta-savona"],"amp_validity":null,"amp_enabled":true,"_links":{"self":[{"href":"https:\/\/staging.ivg.it\/ediapi\/wp\/v2\/posts\/78713","targetHints":{"allow":["GET"]}}],"collection":[{"href":"https:\/\/staging.ivg.it\/ediapi\/wp\/v2\/posts"}],"about":[{"href":"https:\/\/staging.ivg.it\/ediapi\/wp\/v2\/types\/post"}],"author":[{"embeddable":true,"href":"https:\/\/staging.ivg.it\/ediapi\/wp\/v2\/users\/18"}],"replies":[{"embeddable":true,"href":"https:\/\/staging.ivg.it\/ediapi\/wp\/v2\/comments?post=78713"}],"version-history":[{"count":0,"href":"https:\/\/staging.ivg.it\/ediapi\/wp\/v2\/posts\/78713\/revisions"}],"wp:attachment":[{"href":"https:\/\/staging.ivg.it\/ediapi\/wp\/v2\/media?parent=78713"}],"wp:term":[{"taxonomy":"category","embeddable":true,"href":"https:\/\/staging.ivg.it\/ediapi\/wp\/v2\/categories?post=78713"},{"taxonomy":"post_tag","embeddable":true,"href":"https:\/\/staging.ivg.it\/ediapi\/wp\/v2\/tags?post=78713"}],"curies":[{"name":"wp","href":"https:\/\/api.w.org\/{rel}","templated":true}]}}