{"id":78701,"date":"2009-11-07T09:50:32","date_gmt":"2009-11-07T08:50:32","guid":{"rendered":"http:\/\/www.ivg.it\/?p=78701"},"modified":"2009-11-07T18:47:21","modified_gmt":"2009-11-07T17:47:21","slug":"albenga-aumentano-le-richieste-alla-caritas-le-vittime-della-crisi","status":"publish","type":"post","link":"https:\/\/staging.ivg.it\/2009\/11\/albenga-aumentano-le-richieste-alla-caritas-le-vittime-della-crisi\/","title":{"rendered":"Albenga, aumentano le richieste alla Caritas: le vittime della crisi"},"content":{"rendered":"<p><strong>[thumb:5106:l]Ponente<\/strong>. Non vengono da chiss\u00e0 dove n\u00e9 vivono in chiss\u00e0 quali condizioni di emarginazione o degrado. Eppure, sempre pi\u00f9 spesso, li si vede in fila alle mense della Caritas o ai vari centri d&#8217;ascolto dove sottopongono problemi che mai avrebbero immaginato di dover affrontare. Sono i nuovi poveri, che parlano il nostro dialetto e che sono ben inseriti nel tessuto sociale, ma che improvvisamente si ritrovano risucchiati nella categoria degli &#8220;indigenti&#8221;.<\/p>\n<p>Colpa della crisi mondiale, che non risparmia nemmeno la provincia, e che fa registrare dati preoccupanti. Il primo fa segnare un impressionante +15% di italiani che, rispetto allo scorso anno, fa richiesta di assistenza alle strutture legate alla Caritas Diocesana di Albenga-Imperia. &#8220;E&#8217; vero &#8211; conferma il Direttore don Renato Rosso &#8211; ai classici utenti che si rivolgono a noi, e che sono principalmente stranieri, si aggiunge una fetta sempre pi\u00f9 numerosa di italiani. Si tratta di persone che hanno perso il lavoro e che non riescono pi\u00f9 a pagare l&#8217;affitto, le bollette, i medicinali e altre spese che una volta non costituivano un problema. Noi li aiutiamo a reinserirsi, indirizzandoli nelle agenzie interinali e, per quanto possibile, dando loro anche un aiuto economico&#8221;.<\/p>\n<p>In effetti, i numeri parlano di un &#8220;gap&#8221; sempre minore tra immigrati e italiani bisognosi. Prendiamo ad esempio ci\u00f2 che succede nelle strutture di Albenga legate alla Caritas: delle 790 persone che hanno fatto richiesta di aiuto nell&#8217;ultimo anno, 474 sono immigrati e 316 italiani. E il divario diminuisce ulteriormente a Loano dove i 417 stranieri soccorsi superano di poco i 341 italiani assistiti. &#8220;Ogni giorno ci ritroviamo ad ascoltare i problemi di queste persone &#8211; prosegue don Renato Rosso &#8211; Le criticit\u00e0 riguardano la poca disponibilit\u00e0 di unit\u00e0 abitative ad equo canone, le esigue offerte di lavoro anche solo stagionale, la carenza di mense sociali e di spazi di aggregazione. E sono problemi che riguardano tutti coloro che si rivolgono a noi, indipendentemente dal colore della pelle&#8221;.<\/p>\n<p>Nel 2008, sono state complessivamente 2255 le persone aiutate dalla Caritas diocesana di Albenga-Imperia (1307 femmine e 948 uomini), 3710 i pacchi alimentari distribuiti, 5588 gli utenti della mensa, 479 coloro che hanno trovato rifugio nel dormitorio, 120 le richieste per i permessi di soggiorno. Numeri che non si possono pi\u00f9 relegare a indicatori di una realt\u00e0 lontana. Perch\u00e9 la povert\u00e0 \u00e8 sempre pi\u00f9 &#8220;democratica&#8221;.<\/p>\n","protected":false},"excerpt":{"rendered":"<p>[thumb:5106:l]Ponente. Non vengono da chiss\u00e0 dove n\u00e9 vivono in chiss\u00e0 quali condizioni di emarginazione o degrado. Eppure, sempre pi\u00f9 spesso, li si vede in fila alle mense della Caritas o ai vari centri d&#8217;ascolto dove sottopongono problemi che mai avrebbero immaginato di dover affrontare. Sono i nuovi poveri, che parlano il nostro dialetto e che [&hellip;]<\/p>\n","protected":false},"author":2620,"featured_media":0,"comment_status":"open","ping_status":"closed","sticky":false,"template":"","format":"standard","meta":{"footnotes":""},"categories":[],"tags":[2715,85841,1078,14518,595,2729,6825,509,85827],"class_list":["post-78701","post","type-post","status-publish","format-standard","hentry","tag-affitto","tag-albenga","tag-caritas","tag-caritas-diocesana","tag-crisi","tag-immigrati","tag-italiani","tag-lavoro","tag-loano","post_cat_citta-andora"],"amp_validity":null,"amp_enabled":true,"_links":{"self":[{"href":"https:\/\/staging.ivg.it\/ediapi\/wp\/v2\/posts\/78701","targetHints":{"allow":["GET"]}}],"collection":[{"href":"https:\/\/staging.ivg.it\/ediapi\/wp\/v2\/posts"}],"about":[{"href":"https:\/\/staging.ivg.it\/ediapi\/wp\/v2\/types\/post"}],"author":[{"embeddable":true,"href":"https:\/\/staging.ivg.it\/ediapi\/wp\/v2\/users\/2620"}],"replies":[{"embeddable":true,"href":"https:\/\/staging.ivg.it\/ediapi\/wp\/v2\/comments?post=78701"}],"version-history":[{"count":0,"href":"https:\/\/staging.ivg.it\/ediapi\/wp\/v2\/posts\/78701\/revisions"}],"wp:attachment":[{"href":"https:\/\/staging.ivg.it\/ediapi\/wp\/v2\/media?parent=78701"}],"wp:term":[{"taxonomy":"category","embeddable":true,"href":"https:\/\/staging.ivg.it\/ediapi\/wp\/v2\/categories?post=78701"},{"taxonomy":"post_tag","embeddable":true,"href":"https:\/\/staging.ivg.it\/ediapi\/wp\/v2\/tags?post=78701"}],"curies":[{"name":"wp","href":"https:\/\/api.w.org\/{rel}","templated":true}]}}