{"id":78688,"date":"2009-11-06T15:52:43","date_gmt":"2009-11-06T14:52:43","guid":{"rendered":"http:\/\/www.ivg.it\/2009\/11\/06\/albenga-sopralluogo-alla-turinetto\/"},"modified":"2009-12-02T17:23:57","modified_gmt":"2009-12-02T16:23:57","slug":"albenga-sopralluogo-alla-turinetto","status":"publish","type":"post","link":"https:\/\/staging.ivg.it\/2009\/11\/albenga-sopralluogo-alla-turinetto\/","title":{"rendered":"Albenga, sopralluogo alla Turinetto: passo avanti per il polo scolastico"},"content":{"rendered":"<p><strong>[thumb:3011:l]Albenga<\/strong>. Questa mattina il sindaco di Albenga Antonello Tabb\u00f2 insieme ai tecnici del Comune Arch. Sandra Granata e Geom. Manila Balbi, del Preside del Liceo Scientifico Gianmaria Zavattaro, della Dirigente provinciale Arch. Franca Briano e dell&#8217;assessore provinciale Rosy Guarnieri ha effettuato un sopralluogo presso l&#8217;ex Caserma Turinetto, sede del futuro Polo Scolastico ingauno.<\/p>\n<p>Il Sindaco Tabb\u00f2 ha dichiarato: &#8220;Poter accedere alla Caserma Turinetto mi suscita grande emozione. E&#8217; un momento essenziale per la concretizzazione di un progetto fondamentale per lo sviluppo culturale e sociale della Citt\u00e0 di Albenga. Il Polo scolastico \u00e8 sempre stato un punto fermo e prioritario di questa amministrazione sin dal momento del suo insediamento ed ora \u00e8 grande la soddisfazione per l&#8217;evolversi della situazione&#8221;.<\/p>\n","protected":false},"excerpt":{"rendered":"<p>[thumb:3011:l]Albenga. Questa mattina il sindaco di Albenga Antonello Tabb\u00f2 insieme ai tecnici del Comune Arch. Sandra Granata e Geom. Manila Balbi, del Preside del Liceo Scientifico Gianmaria Zavattaro, della Dirigente provinciale Arch. Franca Briano e dell&#8217;assessore provinciale Rosy Guarnieri ha effettuato un sopralluogo presso l&#8217;ex Caserma Turinetto, sede del futuro Polo Scolastico ingauno. Il Sindaco [&hellip;]<\/p>\n","protected":false},"author":13744,"featured_media":0,"comment_status":"open","ping_status":"closed","sticky":false,"template":"","format":"standard","meta":{"footnotes":""},"categories":[],"tags":[85841,558,4224,2375,6607,1935,2374],"class_list":["post-78688","post","type-post","status-publish","format-standard","hentry","tag-albenga","tag-antonello-tabbo","tag-caserma","tag-polo-scolastico","tag-rosy-guarnieri","tag-sopralluogo","tag-turinetto","post_cat_citta-albenga"],"amp_validity":null,"amp_enabled":true,"_links":{"self":[{"href":"https:\/\/staging.ivg.it\/ediapi\/wp\/v2\/posts\/78688","targetHints":{"allow":["GET"]}}],"collection":[{"href":"https:\/\/staging.ivg.it\/ediapi\/wp\/v2\/posts"}],"about":[{"href":"https:\/\/staging.ivg.it\/ediapi\/wp\/v2\/types\/post"}],"author":[{"embeddable":true,"href":"https:\/\/staging.ivg.it\/ediapi\/wp\/v2\/users\/13744"}],"replies":[{"embeddable":true,"href":"https:\/\/staging.ivg.it\/ediapi\/wp\/v2\/comments?post=78688"}],"version-history":[{"count":0,"href":"https:\/\/staging.ivg.it\/ediapi\/wp\/v2\/posts\/78688\/revisions"}],"wp:attachment":[{"href":"https:\/\/staging.ivg.it\/ediapi\/wp\/v2\/media?parent=78688"}],"wp:term":[{"taxonomy":"category","embeddable":true,"href":"https:\/\/staging.ivg.it\/ediapi\/wp\/v2\/categories?post=78688"},{"taxonomy":"post_tag","embeddable":true,"href":"https:\/\/staging.ivg.it\/ediapi\/wp\/v2\/tags?post=78688"}],"curies":[{"name":"wp","href":"https:\/\/api.w.org\/{rel}","templated":true}]}}