{"id":78687,"date":"2009-11-06T15:43:41","date_gmt":"2009-11-06T14:43:41","guid":{"rendered":"http:\/\/www.ivg.it\/2009\/11\/06\/regione-governo-da-lok-al-percorso-di-risanamento-sanita-e-riduzione-tasse\/"},"modified":"2009-11-06T16:21:17","modified_gmt":"2009-11-06T15:21:17","slug":"regione-governo-da-lok-al-percorso-di-risanamento-sanita-e-riduzione-tasse","status":"publish","type":"post","link":"https:\/\/staging.ivg.it\/2009\/11\/regione-governo-da-lok-al-percorso-di-risanamento-sanita-e-riduzione-tasse\/","title":{"rendered":"Regione, Governo d\u00e0 l&#8217;ok al percorso di risanamento della sanit\u00e0"},"content":{"rendered":"<p><strong>[thumb:1687:l]Regione<\/strong>. Il tavolo di monitoraggio dei Ministeri dell&#8217;Economia e della Salute, che affianca la Regione Liguria per il deficit pregresso della sanit\u00e0, ha stabilito che l&#8217;amministrazione regionale pu\u00f2 procedere all&#8217;abbassamento delle aliquote fiscali relative all&#8217;anno d&#8217;imposta 2009 per i redditi dai 25 ai 30 mila euro in quanto \u00e8 stato certificato un avanzo pari a circa 32 milioni di euro nel bilancio sanitario. Per questo motivo la Liguria potr\u00e0 anche ricevere dal Governo ulteriori fondi pari al 3% per il 2007 del fondo sanitario. La comunicazione \u00e8 stata data questa mattina dal presidente della Regione Liguria Claudio Burlando e dall&#8217;assessore regionale alla Salute, Claudio Montaldo.<\/p>\n<p>&#8220;Il Governo ha approvato il nostro piano di rientro del decit sanitario e ci autorizza alla riduzione fiscale che come Giunta avevamo approvato a settembre e successivamente portato in consiglio regionale che prevede la diminuzione delle imposte per 82.000 contribuenti liguri, grazie alla riduzione dei costi nel comparto sanit\u00e0&#8221; hanno spiegato Burlando e Montaldo. &#8220;Abbiamo ricostruito una situazione di equilibrio del sistema sanitario. Il 2010 pertanto parte con le risorse dell&#8217;accordo Stato regioni che per la Liguria dovrebbero ammontare a circa 70 milioni di euro a cui vanno detratti i 35 milioni di euro del fondo per le regioni in difficolt\u00e0 in quanto la Liguria non ne fa pi\u00f9 parte&#8221; ha chiarito l&#8217;assessore regionale alla Salute, Claudio Montaldo.<\/p>\n<p>Come specificato nel documento inviato alla Regione Liguria il via alla diminuzione delle tasse dato dal Governo \u00e8 stato reso possibile grazie anche alla rimozione di tutte le cause di &#8220;inadempienza regionale&#8221;. &#8220;Tre &#8211; ha spiegato Montaldo &#8211; erano i punti ancora in sospeso che il Governo ci ha chiesto di attuare: alcune modifiche della legge sulla stabilizzazione dei precari, l&#8217;applicazione del decreto legislativo sulla compartecipazione del 30% da parte dei disabili alle rette nelle residenze e l&#8217;aggiornamento del piano per la farmaceutica approvato dall&#8217;Agenzia italiana del farmaco&#8221;. Per quanto riguarda la compartecipazione alle rette delle residenze da parte dei disabili l&#8217;assessore alla Salute ha annunciato la &#8220;costituzione di un fondo di solidariet\u00e0 per aiutare le famiglie che non possono permettersi alcun pagamento anche minimo della retta che entrer\u00e0 in vigore dal 1 dicembre&#8221;.<\/p>\n","protected":false},"excerpt":{"rendered":"<p>[thumb:1687:l]Regione. Il tavolo di monitoraggio dei Ministeri dell&#8217;Economia e della Salute, che affianca la Regione Liguria per il deficit pregresso della sanit\u00e0, ha stabilito che l&#8217;amministrazione regionale pu\u00f2 procedere all&#8217;abbassamento delle aliquote fiscali relative all&#8217;anno d&#8217;imposta 2009 per i redditi dai 25 ai 30 mila euro in quanto \u00e8 stato certificato un avanzo pari a [&hellip;]<\/p>\n","protected":false},"author":13744,"featured_media":0,"comment_status":"open","ping_status":"closed","sticky":false,"template":"","format":"standard","meta":{"footnotes":""},"categories":[35,31],"tags":[12890,784,295],"class_list":["post-78687","post","type-post","status-publish","format-standard","hentry","category-economia","category-politica","tag-approvazione","tag-governo","tag-regione","post_cat_citta-andora"],"amp_validity":null,"amp_enabled":true,"_links":{"self":[{"href":"https:\/\/staging.ivg.it\/ediapi\/wp\/v2\/posts\/78687","targetHints":{"allow":["GET"]}}],"collection":[{"href":"https:\/\/staging.ivg.it\/ediapi\/wp\/v2\/posts"}],"about":[{"href":"https:\/\/staging.ivg.it\/ediapi\/wp\/v2\/types\/post"}],"author":[{"embeddable":true,"href":"https:\/\/staging.ivg.it\/ediapi\/wp\/v2\/users\/13744"}],"replies":[{"embeddable":true,"href":"https:\/\/staging.ivg.it\/ediapi\/wp\/v2\/comments?post=78687"}],"version-history":[{"count":0,"href":"https:\/\/staging.ivg.it\/ediapi\/wp\/v2\/posts\/78687\/revisions"}],"wp:attachment":[{"href":"https:\/\/staging.ivg.it\/ediapi\/wp\/v2\/media?parent=78687"}],"wp:term":[{"taxonomy":"category","embeddable":true,"href":"https:\/\/staging.ivg.it\/ediapi\/wp\/v2\/categories?post=78687"},{"taxonomy":"post_tag","embeddable":true,"href":"https:\/\/staging.ivg.it\/ediapi\/wp\/v2\/tags?post=78687"}],"curies":[{"name":"wp","href":"https:\/\/api.w.org\/{rel}","templated":true}]}}