{"id":78671,"date":"2009-11-06T11:20:37","date_gmt":"2009-11-06T10:20:37","guid":{"rendered":"http:\/\/www.ivg.it\/2009\/11\/06\/albissola-aderisce-allato-nuova-rotta-non-ci-sta\/"},"modified":"2009-11-06T11:20:37","modified_gmt":"2009-11-06T10:20:37","slug":"albissola-aderisce-allato-nuova-rotta-non-ci-sta","status":"publish","type":"post","link":"https:\/\/staging.ivg.it\/2009\/11\/albissola-aderisce-allato-nuova-rotta-non-ci-sta\/","title":{"rendered":"Albissola aderisce all&#8217;ATO, &#8220;Nuova Rotta&#8221; non ci sta"},"content":{"rendered":"<p><strong>[thumb:6295:l]Albissola Marina<\/strong>. Con recente delibera del Consiglio comunale di Albissola Marina del 29 ottobre, la maggioranza del sindaco Vicenzi (Pd) ha approvato l&#8217;adesione al consorzio provinciale denominato ATO (Ambito Territoriale Ottimale) approvando di fatto la privatizzazione dell&#8217;acqua. &#8220;Sostanzialmente con questa delibera il sindaco di Albissola ha accettato passivamente il principio che il servizio idrico possa venire sottratto alle comunit\u00e0 locali, ai cittadini, per consegnarlo, a partire dal 2011, agli interessi economici delle grandi multinazionali e farne un nuovo business per i privati, oltretutto con l&#8217;ulteriore danno per noi tutti consumatori per i probabili aumenti delle bollette idriche&#8221; dichiarano gli esponenti di &#8220;Nuova Rotta&#8221;.<\/p>\n<p>&#8220;Mentre nel silenzio assoluto la maggioranza Vicenzi ha approvato sostanzialmente la privatizzazione dell&#8217;acqua, in altri Comuni (Albenga, Pontinvrea, Savona, Varazze, eccetera)  si \u00e8 innescato un forte dibattito e spesso si sono avviate iniziative per difendere l&#8217;acqua come bene pubblico &#8211; spiega il gruppo civico e indipendente &#8220;Nuova Rotta&#8221; -. Noi, non avendo votato in consiglio la delibera Vicenzi abbiamo, unica realt\u00e0 albissolese, chiesto al Consiglio comunale, presentando una proposta di ordine del giorno datata 12 ottobre, di prendere posizione a favore dei cittadini e delle loro comunit\u00e0 locali, di dichiarare l&#8217;acqua potabile &#8216;un bene comune e un diritto universale&#8217; e che il servizio idrico \u00e8 &#8216;un servizio privo di rilevanza economica&#8217; da gestire in forma pubblica e con la partecipazione delle comunit\u00e0 locali&#8221;.<\/p>\n<p>&#8220;Nuova Rotta&#8221;, ad Albissola promuove e aderisce alla campagna &#8220;Appesi ad un filo d&#8217;acqua&#8221; e avvia la difesa dell&#8217;acqua pubblica attraverso una raccolta firme a sostegno dell&#8217;ordine del giorno gi\u00e0 presentato e sopra citato. La raccolta firme inizia sabato mattina nella piazza davanti al Comuna a partire dalle ore 10.<\/p>\n<p>&#8220;Condividiamo le ossevazioni e preoccupazioni di chi ha evidenziato che con la costituzione dell&#8217;ATO un bene vitale come l&#8217;acqua potabile non sar\u00e0 pi\u00f9 controllato da persone che rispondono alla comunit\u00e0 locale, ma sar\u00e0 una ricchezza nelle mani di poche grandi gruppi societari, senza le dovute garanzie per i territori e i loro cittadini &#8211; dichiara Luigi Silvestro di &#8220;Nuova Rotta&#8221; -. Tale costituendo consorzio dar\u00e0 nel 2011 l&#8217;incarico di gestire alcuni servizi che la legge identifica come &#8216;economicamente rilevanti&#8217; a societ\u00e0 a maggioranza privata. Il timore \u00e8 di dare ad un solo soggetto il monopolio di acqua potabile per decenni (30 anni) senza che i cittadini possano pi\u00f9 far nulla. visti i problemi che sono sorti in condizioni analoghe in altre zone d&#8217;Italia, dove la gestione &#8216;a privatizzazione spinta&#8217; ha fatto schizzare alle stelle i costi delle bollette&#8221;.<\/p>\n<p>&#8220;Ecco perch\u00e9 abbiamo presentato al sindaco &#8211; prosegue &#8211; la proposta di modificare lo statuto comunale inserendo la frase &#8216;l&#8217;acqua potabile \u00e8 un bene privo di rilevanza economica&#8217;, in quanto necessario alla vita. Cos\u00ec definito, il servizio idrico risulterebbe sottratto alle nuove disposizioni regionali e pertanto sar\u00e0 possibile ottenere una gestione del servizio certamente pi\u00f9 efficiente ma collegata e sotto il controllo della comunit\u00e0 locale&#8221;.<\/p>\n<p>&#8220;Se la stessa delibera da noi proposta ad Albissola, ma anche in altre realt\u00e0 della nostra provincia, sar\u00e0 presa da un numero sufficiente di comuni \u00e8 possibile che si arrivi a soluzioni diversificate pi\u00f9 funzionali alle varie zone geografiche e pi\u00f9 vicine alle necessit\u00e0 della gente comune. Vogliamo rivendicare il principio del rispetto dei territorio e delle loro genti &#8211; conclude Silvestro &#8211; principio calpestato anche ad Albissola Marina a causa del voto della maggioranza Vicenzi&#8221;.<\/p>\n","protected":false},"excerpt":{"rendered":"<p>[thumb:6295:l]Albissola Marina. Con recente delibera del Consiglio comunale di Albissola Marina del 29 ottobre, la maggioranza del sindaco Vicenzi (Pd) ha approvato l&#8217;adesione al consorzio provinciale denominato ATO (Ambito Territoriale Ottimale) approvando di fatto la privatizzazione dell&#8217;acqua. &#8220;Sostanzialmente con questa delibera il sindaco di Albissola ha accettato passivamente il principio che il servizio idrico possa [&hellip;]<\/p>\n","protected":false},"author":13744,"featured_media":0,"comment_status":"open","ping_status":"closed","sticky":false,"template":"","format":"standard","meta":{"footnotes":""},"categories":[31],"tags":[1170,86007,6167,525,8317,12063,13017],"class_list":["post-78671","post","type-post","status-publish","format-standard","hentry","category-politica","tag-acqua","tag-albissola-marina","tag-bollette","tag-firme","tag-luigi-silvestro","tag-nicolo-vicenzi","tag-nuova-rotta","post_cat_citta-albissola-marina"],"amp_validity":null,"amp_enabled":true,"_links":{"self":[{"href":"https:\/\/staging.ivg.it\/ediapi\/wp\/v2\/posts\/78671","targetHints":{"allow":["GET"]}}],"collection":[{"href":"https:\/\/staging.ivg.it\/ediapi\/wp\/v2\/posts"}],"about":[{"href":"https:\/\/staging.ivg.it\/ediapi\/wp\/v2\/types\/post"}],"author":[{"embeddable":true,"href":"https:\/\/staging.ivg.it\/ediapi\/wp\/v2\/users\/13744"}],"replies":[{"embeddable":true,"href":"https:\/\/staging.ivg.it\/ediapi\/wp\/v2\/comments?post=78671"}],"version-history":[{"count":0,"href":"https:\/\/staging.ivg.it\/ediapi\/wp\/v2\/posts\/78671\/revisions"}],"wp:attachment":[{"href":"https:\/\/staging.ivg.it\/ediapi\/wp\/v2\/media?parent=78671"}],"wp:term":[{"taxonomy":"category","embeddable":true,"href":"https:\/\/staging.ivg.it\/ediapi\/wp\/v2\/categories?post=78671"},{"taxonomy":"post_tag","embeddable":true,"href":"https:\/\/staging.ivg.it\/ediapi\/wp\/v2\/tags?post=78671"}],"curies":[{"name":"wp","href":"https:\/\/api.w.org\/{rel}","templated":true}]}}