{"id":78663,"date":"2009-11-06T09:14:07","date_gmt":"2009-11-06T08:14:07","guid":{"rendered":"http:\/\/www.ivg.it\/2009\/11\/06\/influenza-a-ricoverati-altri-due-savonesi\/"},"modified":"2009-11-06T15:00:43","modified_gmt":"2009-11-06T14:00:43","slug":"influenza-a-ricoverati-altri-due-savonesi","status":"publish","type":"post","link":"https:\/\/staging.ivg.it\/2009\/11\/influenza-a-ricoverati-altri-due-savonesi\/","title":{"rendered":"Influenza A: ricoverati altri due savonesi"},"content":{"rendered":"<p><strong>[thumb:10416:l]Pietra Ligure<\/strong>. Dopo la 35enne ricoverata al San Martino, altri due savonesi sono stati colpiti dal virus A\/H1N1. All&#8217;ospedale Santa Corona di Pietra Ligure un uomo di 45 anni, gi\u00e0 ricoverato per patologie respiratorie, \u00e8 stato trasferito nel reparto di rianimazione.<\/p>\n<p>Un ragazzo di 13 anni, anch&#8217;egli con problemi respiratori, \u00e8 stato trasferito all&#8217;istituto pediatrico Giannina Gaslini di Genova. Entrambi sono stati sottoposti oggi al tampone. Buono, nel savonese, l&#8217;afflusso per le vaccinazioni delle categorie a rischio.<\/p>\n<p>A livello nazionale il bilancio porta a 26, al momento, il totale delle morti legate alla pandemia da virus A\/H1N1, mentre aumentano i ricoverati e raggiunge il tetto dei 41.000 il numero dei cittadini vaccinati al primo novembre. Intanto, sono state convocate la Conferenza Stato &#8211; Regioni e la Conferenza delle Regioni, in cui si discuter\u00e0 anche dell&#8217;influenza A e dei piani regionali contro la pandemia. Tranquillizza l&#8217;Istituto superiore di sanit\u00e0, sottolineando che &#8220;sono rispettate le priorit\u00e0 sul Piano vaccinale&#8221; e non c&#8217;\u00e9 alcun &#8220;allarme&#8221; legato ai vaccini.<\/p>\n","protected":false},"excerpt":{"rendered":"<p>[thumb:10416:l]Pietra Ligure. Dopo la 35enne ricoverata al San Martino, altri due savonesi sono stati colpiti dal virus A\/H1N1. All&#8217;ospedale Santa Corona di Pietra Ligure un uomo di 45 anni, gi\u00e0 ricoverato per patologie respiratorie, \u00e8 stato trasferito nel reparto di rianimazione. Un ragazzo di 13 anni, anch&#8217;egli con problemi respiratori, \u00e8 stato trasferito all&#8217;istituto pediatrico [&hellip;]<\/p>\n","protected":false},"author":13744,"featured_media":0,"comment_status":"open","ping_status":"closed","sticky":false,"template":"","format":"standard","meta":{"footnotes":""},"categories":[34],"tags":[2776,13956,85830,2131,3576,302,13335],"class_list":["post-78663","post","type-post","status-publish","format-standard","hentry","category-cronaca","tag-influenza","tag-patologie","tag-pietra-ligure","tag-rianimazione","tag-san-martino","tag-santa-corona","tag-vaccini","post_cat_citta-pietra-ligure"],"amp_validity":null,"amp_enabled":true,"_links":{"self":[{"href":"https:\/\/staging.ivg.it\/ediapi\/wp\/v2\/posts\/78663","targetHints":{"allow":["GET"]}}],"collection":[{"href":"https:\/\/staging.ivg.it\/ediapi\/wp\/v2\/posts"}],"about":[{"href":"https:\/\/staging.ivg.it\/ediapi\/wp\/v2\/types\/post"}],"author":[{"embeddable":true,"href":"https:\/\/staging.ivg.it\/ediapi\/wp\/v2\/users\/13744"}],"replies":[{"embeddable":true,"href":"https:\/\/staging.ivg.it\/ediapi\/wp\/v2\/comments?post=78663"}],"version-history":[{"count":0,"href":"https:\/\/staging.ivg.it\/ediapi\/wp\/v2\/posts\/78663\/revisions"}],"wp:attachment":[{"href":"https:\/\/staging.ivg.it\/ediapi\/wp\/v2\/media?parent=78663"}],"wp:term":[{"taxonomy":"category","embeddable":true,"href":"https:\/\/staging.ivg.it\/ediapi\/wp\/v2\/categories?post=78663"},{"taxonomy":"post_tag","embeddable":true,"href":"https:\/\/staging.ivg.it\/ediapi\/wp\/v2\/tags?post=78663"}],"curies":[{"name":"wp","href":"https:\/\/api.w.org\/{rel}","templated":true}]}}