{"id":78649,"date":"2009-11-05T18:04:29","date_gmt":"2009-11-05T17:04:29","guid":{"rendered":"http:\/\/www.ivg.it\/?p=78649"},"modified":"2009-11-05T21:11:59","modified_gmt":"2009-11-05T20:11:59","slug":"regione-il-presidente-ronzitti-a-bruxelles-con-gli-studenti","status":"publish","type":"post","link":"https:\/\/staging.ivg.it\/2009\/11\/regione-il-presidente-ronzitti-a-bruxelles-con-gli-studenti\/","title":{"rendered":"Regione, il presidente Ronzitti agli studenti: &#8220;Europa vostra patria&#8221;"},"content":{"rendered":"<p><strong>[thumb:15035:l]Regione.<\/strong> &#8220;Un giorno l&#8217;Europa tutta sar\u00e0 la vostra nuova patria superando cos\u00ec il concetto delle singole patrie, perch\u00e9 nell&#8217;epoca della globalizzazione il futuro pu\u00f2 essere solo della cooperazione fra i popoli. Per questo motivo il Consiglio regionale della Liguria \u00e8 fortemente impegnato affinch\u00e9 i giovani conoscano le istituzioni europee e siano consapevoli del proprio ruolo all&#8217;interno di esse&#8221;. Con queste parole il presidente dell&#8217;Assemblea legislativa Giacomo Ronzitti nell&#8217;aula del Parlamento di Bruxelles ha salutato questa mattina i trenta studenti liguri vincitori della diciassettesima edizione del concorso &#8220;Diventiamo cittadini europei&#8221;, organizzato dall&#8217;Assemblea legislativa e finanziato attraverso la legge regionale 35 dell&#8217;agosto 1996.<\/p>\n<p>Al concorso, indirizzato agli istituti di scuola media superiore, avevano partecipato 184 ragazzi e ai vincitori \u00e8 riservato un viaggio a Bruxelles, sede delle tre pi\u00f9 importanti istituzioni dell&#8217;Ue: Parlamento, Commissione europea e Consiglio d&#8217;Europa. Gli studenti questa mattina hanno assistito ad una conferenza dibattito tenuta da Rok Kozelj, funzionario del Parlamento, il quale ha spiegato la composizione e le funzioni degli organismi europei, e subito dopo hanno visitato il palazzo che ospita gli uffici e la sede stessa dell&#8217;Assemblea.<\/p>\n<p>&#8220;Anche noi, che rientriamo fra i paesi cosiddetti ricchi &#8211; ha concluso il presidente Ronzitti &#8211; non dobbiamo mai dimenticare che ai Paesi in difficolt\u00e0 siamo legati da un destino comune, per questo che la politica di sostenibilit\u00e0 sociale e la cooperazione devono includere tutti i popoli&#8221;.<\/p>\n<p>Dopo aver accompagnato i ragazzi nella visita al  Parlamento il presidente del Consiglio regionale ha incontrato l&#8217;europarlametare genovese Fratesca Balzani iscritta al gruppo dei progressisti socialisti democratici con la quale ha affrontato i temi pi\u00f9 attuali dell&#8217;Unione europea fra cui la firma definitiva del Trattato di Lisbona, che attribuir\u00e0 maggiori poteri al Parlamento europeo. Ieri il presidente del Consiglio Ronzitti aveva incontrato, sempre a Bruxelles, l&#8217;europarlamentare Mario Mauro, iscritto al gruppo dei Popolari e gi\u00e0 candidato alla presidenza del Parlamento.<\/p>\n<p>Questi i giovani vincitori del concorso &#8220;Diventiamo cittadini europei&#8221;<br \/>\n1. GIULIA MAURA<br \/>\n2. CALISI ANNALISA<br \/>\n3. CAMPEGGI FRANCESCA<br \/>\n5. CALIFANO VALENTINA<br \/>\n6. CATRAMBONE FRANCESCA<br \/>\n7. BORGOGNONI ANDREA<br \/>\n8. DODERO FEDERICO<br \/>\n9. BINDA ANNA<br \/>\n10. COSTA CAROLINA<br \/>\n11.LONGO PRISCILLA<br \/>\n12.ROSSI SIMONE<br \/>\n13.SOLARI ANDREA<br \/>\n14.ROSSI VIRGINIA<br \/>\n15.GELLI ANDREA<br \/>\n16.RANZA LUCREZIA<br \/>\n17.PARMIGIANI VALENTINA&#8221;<br \/>\n18.BLAFFARD MATTEO<br \/>\n19.CALZETTA LUCA<br \/>\n20.LEONARDI EDOARDO<br \/>\n21.VISCA SARA<br \/>\n22. FERRARO MATTEO<br \/>\n23. COZZANI LORENZO<br \/>\n24. MUNEROL FRANCESCA<br \/>\n25. COLOMBO VIRGINIA<br \/>\n26. BONIFAZIO BARBARA<br \/>\n27. SIFFREDI ELISABETTA<br \/>\n28. MERLO SONIA<br \/>\n29. PERRONI MICHELA<br \/>\n30. FILANGIERI CARLO<\/p>\n","protected":false},"excerpt":{"rendered":"<p>[thumb:15035:l]Regione. &#8220;Un giorno l&#8217;Europa tutta sar\u00e0 la vostra nuova patria superando cos\u00ec il concetto delle singole patrie, perch\u00e9 nell&#8217;epoca della globalizzazione il futuro pu\u00f2 essere solo della cooperazione fra i popoli. Per questo motivo il Consiglio regionale della Liguria \u00e8 fortemente impegnato affinch\u00e9 i giovani conoscano le istituzioni europee e siano consapevoli del proprio ruolo [&hellip;]<\/p>\n","protected":false},"author":13744,"featured_media":0,"comment_status":"open","ping_status":"closed","sticky":false,"template":"","format":"standard","meta":{"footnotes":""},"categories":[],"tags":[1194,318,1193,1752,2623,58,3734,85831,295],"class_list":["post-78649","post","type-post","status-publish","format-standard","hentry","tag-bruxelles","tag-colombo","tag-commissione-europea","tag-consiglio-regionale","tag-giacomo-ronzitti","tag-istituzioni","tag-parlamento-europeo","tag-politica","tag-regione","post_cat_citta-andora"],"amp_validity":null,"amp_enabled":true,"_links":{"self":[{"href":"https:\/\/staging.ivg.it\/ediapi\/wp\/v2\/posts\/78649","targetHints":{"allow":["GET"]}}],"collection":[{"href":"https:\/\/staging.ivg.it\/ediapi\/wp\/v2\/posts"}],"about":[{"href":"https:\/\/staging.ivg.it\/ediapi\/wp\/v2\/types\/post"}],"author":[{"embeddable":true,"href":"https:\/\/staging.ivg.it\/ediapi\/wp\/v2\/users\/13744"}],"replies":[{"embeddable":true,"href":"https:\/\/staging.ivg.it\/ediapi\/wp\/v2\/comments?post=78649"}],"version-history":[{"count":0,"href":"https:\/\/staging.ivg.it\/ediapi\/wp\/v2\/posts\/78649\/revisions"}],"wp:attachment":[{"href":"https:\/\/staging.ivg.it\/ediapi\/wp\/v2\/media?parent=78649"}],"wp:term":[{"taxonomy":"category","embeddable":true,"href":"https:\/\/staging.ivg.it\/ediapi\/wp\/v2\/categories?post=78649"},{"taxonomy":"post_tag","embeddable":true,"href":"https:\/\/staging.ivg.it\/ediapi\/wp\/v2\/tags?post=78649"}],"curies":[{"name":"wp","href":"https:\/\/api.w.org\/{rel}","templated":true}]}}