{"id":78567,"date":"2009-11-04T10:02:55","date_gmt":"2009-11-04T09:02:55","guid":{"rendered":"http:\/\/www.ivg.it\/2009\/11\/04\/piano-casa-ligure-legambiente-non-e-il-migliore-in-italia\/"},"modified":"2009-11-04T13:25:15","modified_gmt":"2009-11-04T12:25:15","slug":"piano-casa-ligure-legambiente-non-e-il-migliore-in-italia","status":"publish","type":"post","link":"https:\/\/staging.ivg.it\/2009\/11\/piano-casa-ligure-legambiente-non-e-il-migliore-in-italia\/","title":{"rendered":"Piano casa ligure, Legambiente: &#8220;Non \u00e8 il migliore in Italia&#8221;"},"content":{"rendered":"<p><strong>[thumb:14722:l]Regione<\/strong>. Stefano Sarti, presidente regionale di Legambiente, rende noto il proprio parere in merito al Piano casa e alle argomentazioni di Claudio Burlando per spiegare la decisione del Consiglio regionale.<\/p>\n<p>&#8220;Ho sinceramente apprezzato l&#8217;intervento del presidente della giunta regionale Claudio Burlando &#8211; dichiara Stefano Sarti &#8211; con il quale ha chiarito che la prima versione del Piano casa, quello uscito dalla Giunta regionale, non conteneva (nemmeno in filosofia, sembra dire il presidente) quelle norme che noi continuiamo a definire mostruose, che sarebbero poi state oggetto della discussione della commissione ambiente e territorio del Consiglio regionale&#8221;.<\/p>\n<p>&#8220;Il presidente &#8211; prosegue &#8211; rivolge poi un&#8217;accusa generica riguardo ad &#8216;alcuni giudizi negativi circolati nei giorni scorsi, che hanno espresso disapprovazione sulla legge prima ancora che essa venisse approvata dal Consiglio regionale. Consiglio che ha sostanzialmente confermato l&#8217;impostazione originale della Giunta&#8217;. Nella frase finale del suo intervento, mitigandolo con un forse, parla di giudizi affrettati e forse non formulati in buona fede&#8221;.<\/p>\n<p>&#8220;Crediamo che l&#8217;accusa non ci riguardi &#8211; sottolinea Sarti &#8211; perch\u00e9 Legambiente ben conosceva il testo originale della Giunta e sullo stesso avevano espresso gi\u00e0 un giudizio negativo, motivandolo per\u00f2 concretamente con la mancata esclusione di tutti i parchi liguri dal Piano casa. Lo stesso Burlando poi riconosce, secondo noi significativamente, che &#8216;\u00e8 vero che, nella discussione in Commissione, anche dalla maggioranza erano venute proposte per articolare diversamente alcune norme&#8217;. Ecco, quell&#8217;articolazione diversa delle norme \u00e8 stato proprio l&#8217;oggetto delle nostre critiche, che immaginiamo se non fossero state cos\u00ec nette e discriminanti, non sarebbero nemmeno state prese in considerazione&#8221;.<\/p>\n<p>&#8220;Il punto \u00e8 quindi come e in che maniera l&#8217;azione di governo della regione non sia poi vanificato da pezzi della sua stessa maggioranza, pezzi magari convinti che il rilancio dell&#8217;economia della nostra regione si realizzi con il mattone. Il presidente poi si spinge a dire, con Conti di Rifondazione, che, avendo il consiglio regionale votato il testo licenziato dalla giunta e, mettendo in salvaguardia i territori dei parchi di Portovenere e di Montemarcello-Magra, la legge ligure sia diventata la &#8216;migliore d&#8217;Italia&#8217;. Non \u00e8 cos\u00ec, la migliore \u00e8 e resta quella toscana perch\u00e9 esclude senza se e senza ma tutti i parchi toscani dal Piano casa. Da noi mancano all&#8217;appello: Parco delle Alpi Liguri, Parco del Beigua, Parco dell&#8217;Antola e Parco dell&#8217;Aveto (e non riusciamo ancora a capire perch\u00e9). Solo in quel caso &#8211; conclude il presidente regionale di Legambiente &#8211; la legge sarebbe diventata la migliore d&#8217;Italia. Ma adesso non \u00e8 cos\u00ec&#8221;.<\/p>\n","protected":false},"excerpt":{"rendered":"<p>[thumb:14722:l]Regione. Stefano Sarti, presidente regionale di Legambiente, rende noto il proprio parere in merito al Piano casa e alle argomentazioni di Claudio Burlando per spiegare la decisione del Consiglio regionale. &#8220;Ho sinceramente apprezzato l&#8217;intervento del presidente della giunta regionale Claudio Burlando &#8211; dichiara Stefano Sarti &#8211; con il quale ha chiarito che la prima versione [&hellip;]<\/p>\n","protected":false},"author":5,"featured_media":0,"comment_status":"open","ping_status":"closed","sticky":false,"template":"","format":"standard","meta":{"footnotes":""},"categories":[56],"tags":[284,5069,1752,2062,804,2461,393,7856,13679],"class_list":["post-78567","post","type-post","status-publish","format-standard","hentry","category-altre","tag-claudio-burlando","tag-commissione","tag-consiglio-regionale","tag-giunta","tag-legambiente","tag-legge","tag-liguria","tag-piano-casa","tag-stefano-sarti","post_cat_citta-andora"],"amp_validity":null,"amp_enabled":true,"_links":{"self":[{"href":"https:\/\/staging.ivg.it\/ediapi\/wp\/v2\/posts\/78567","targetHints":{"allow":["GET"]}}],"collection":[{"href":"https:\/\/staging.ivg.it\/ediapi\/wp\/v2\/posts"}],"about":[{"href":"https:\/\/staging.ivg.it\/ediapi\/wp\/v2\/types\/post"}],"author":[{"embeddable":true,"href":"https:\/\/staging.ivg.it\/ediapi\/wp\/v2\/users\/5"}],"replies":[{"embeddable":true,"href":"https:\/\/staging.ivg.it\/ediapi\/wp\/v2\/comments?post=78567"}],"version-history":[{"count":0,"href":"https:\/\/staging.ivg.it\/ediapi\/wp\/v2\/posts\/78567\/revisions"}],"wp:attachment":[{"href":"https:\/\/staging.ivg.it\/ediapi\/wp\/v2\/media?parent=78567"}],"wp:term":[{"taxonomy":"category","embeddable":true,"href":"https:\/\/staging.ivg.it\/ediapi\/wp\/v2\/categories?post=78567"},{"taxonomy":"post_tag","embeddable":true,"href":"https:\/\/staging.ivg.it\/ediapi\/wp\/v2\/tags?post=78567"}],"curies":[{"name":"wp","href":"https:\/\/api.w.org\/{rel}","templated":true}]}}