{"id":78515,"date":"2009-11-03T10:42:02","date_gmt":"2009-11-03T09:42:02","guid":{"rendered":"http:\/\/www.ivg.it\/2009\/11\/03\/regione-imprese-turistiche-si-conclude-il-progetto-fattore-k\/"},"modified":"2009-11-03T10:47:21","modified_gmt":"2009-11-03T09:47:21","slug":"regione-imprese-turistiche-si-conclude-il-progetto-fattore-k","status":"publish","type":"post","link":"https:\/\/staging.ivg.it\/2009\/11\/regione-imprese-turistiche-si-conclude-il-progetto-fattore-k\/","title":{"rendered":"Regione, imprese turistiche: si conclude il progetto Fattore K"},"content":{"rendered":"<p><strong>[thumb:12421:l]Regione<\/strong>. Domani, mercoled\u00ec 4 novembre, nella Sala delle Grida del Palazzo della Borsa di Genova, in via XX Settembre, dalle 10 alle 14 si terr\u00e0 il workshop conclusivo del progetto europeo Fattore K dedicato a cento pmi. Tema dell&#8217;incontro sar\u00e0 &#8220;Il Fattore K nelle pmi turistiche della Liguria. Investire in conoscenza paga?&#8221;.<\/p>\n<p>In Liguria, il progetto Fattore K ha coinvolto 100 piccole e medie imprese del settore turistico. Parteciperanno, fra gli altri, l&#8217;assessore al Turismo della Regione Liguria Margherita Bozzano, il responsabile del progetto interregionale Fattore K Giuseppe Giaccardi, il presidente di Liguria Ricerche Massimo Sola, imprenditori, docenti universitari, rappresentanti delle regioni Emilia Romagna, Sardegna e Toscana.<\/p>\n","protected":false},"excerpt":{"rendered":"<p>[thumb:12421:l]Regione. Domani, mercoled\u00ec 4 novembre, nella Sala delle Grida del Palazzo della Borsa di Genova, in via XX Settembre, dalle 10 alle 14 si terr\u00e0 il workshop conclusivo del progetto europeo Fattore K dedicato a cento pmi. Tema dell&#8217;incontro sar\u00e0 &#8220;Il Fattore K nelle pmi turistiche della Liguria. Investire in conoscenza paga?&#8221;. In Liguria, il [&hellip;]<\/p>\n","protected":false},"author":5,"featured_media":0,"comment_status":"open","ping_status":"closed","sticky":false,"template":"","format":"standard","meta":{"footnotes":""},"categories":[56],"tags":[9603,286,565,295],"class_list":["post-78515","post","type-post","status-publish","format-standard","hentry","category-altre","tag-fattore-k","tag-margherita-bozzano","tag-pmi","tag-regione","post_cat_citta-andora"],"amp_validity":null,"amp_enabled":true,"_links":{"self":[{"href":"https:\/\/staging.ivg.it\/ediapi\/wp\/v2\/posts\/78515","targetHints":{"allow":["GET"]}}],"collection":[{"href":"https:\/\/staging.ivg.it\/ediapi\/wp\/v2\/posts"}],"about":[{"href":"https:\/\/staging.ivg.it\/ediapi\/wp\/v2\/types\/post"}],"author":[{"embeddable":true,"href":"https:\/\/staging.ivg.it\/ediapi\/wp\/v2\/users\/5"}],"replies":[{"embeddable":true,"href":"https:\/\/staging.ivg.it\/ediapi\/wp\/v2\/comments?post=78515"}],"version-history":[{"count":0,"href":"https:\/\/staging.ivg.it\/ediapi\/wp\/v2\/posts\/78515\/revisions"}],"wp:attachment":[{"href":"https:\/\/staging.ivg.it\/ediapi\/wp\/v2\/media?parent=78515"}],"wp:term":[{"taxonomy":"category","embeddable":true,"href":"https:\/\/staging.ivg.it\/ediapi\/wp\/v2\/categories?post=78515"},{"taxonomy":"post_tag","embeddable":true,"href":"https:\/\/staging.ivg.it\/ediapi\/wp\/v2\/tags?post=78515"}],"curies":[{"name":"wp","href":"https:\/\/api.w.org\/{rel}","templated":true}]}}