{"id":78357,"date":"2009-10-30T13:11:38","date_gmt":"2009-10-30T12:11:38","guid":{"rendered":"http:\/\/www.ivg.it\/2009\/10\/30\/alassio-rinnovato-il-direttivo-del-circolo-pd\/"},"modified":"2009-10-30T13:11:45","modified_gmt":"2009-10-30T12:11:45","slug":"alassio-rinnovato-il-direttivo-del-circolo-pd","status":"publish","type":"post","link":"https:\/\/staging.ivg.it\/2009\/10\/alassio-rinnovato-il-direttivo-del-circolo-pd\/","title":{"rendered":"Alassio, rinnovato il direttivo del circolo Pd"},"content":{"rendered":"<p><b>[thumb:14011:l]Alassio<\/b>. In occasione della fase congressuale, culminata con le primarie del 25 ottobre, il circolo del Partito Democratico di Alassio ha ampliato e rinnovato il direttivo di Circolo e nominato il nuovo Coordinatore. Franco Bogliolo, 39 anni, laureato in giurisprudenza e titolare di una societ\u00e0 di consulenza immobiliare e aziendale \u00e8 il nuovo coordinatore. Bogliolo risiede ad Alassio con la compagna Elena e il figlio Corrado di 3 anni. Succede nella carica a Giovanni Ragazzini che ha avuto il merito di tenere unito il Partito nel delicato biennio trscorso dalla sua Fondazione.<\/p>\n<p>Questi invece i componenti del direttivo: Domenico Bogliolo (dirigente d&#8217;azienda), Massimo Bugelli (dottore commercialista), Patrizia Cazulini (bancaria in quiescenza), Carlo Delucis (commerciante), Carmela Gallistru (casalinga), Lorenzo Martini (ex capostazione di Alassio), Leonardo Nappi (insegnante istituto alberghiero e consigliere comunale), Silvana Negroni (dipendente pubblica amministrazione), Nadia Panzeri (corrispondente in lingue in quiescenza), Elena Pastorelli (commerciante), Giovanni Ragazzini (medico pediatra e consigliere comunale), Martino Schivo (ingegnere gestionale). Tesoriere \u00e8 stato nominato Franco Boggiano (cosigliere comunale).<\/p>\n<p>&#8220;L&#8217;ottimo risultato di affluenza alle Primarie, pi\u00f9 di quattrocento votanti ad Alassio, \u00e8, per noi &#8211; spiega il nuovo Direttivo &#8211; un&#8217;ulteriore conferma della volont\u00e0 dei cittadini alassini di operare un cambiamento radicale rispetto alle scelte amministrative portate avanti dalla Destra che governa la citt\u00e0 ormai da troppi anni,con i risultati che sono sotto gli occhi di tutti. Si ritiene necessario abbandonare la politica dei personalismi, dei pettegolezzi e dei &#8216;valzer delle poltrone&#8217; e di costruire una politica che, partendo  dall&#8217;ascolto delle esigenze reali dei cittadini,costruisca progetti alternativi a quelli dell&#8217;Amministrazione di Destra, ormai vittima di lotte fratricide al suo stesso interno&#8221;.<\/p>\n","protected":false},"excerpt":{"rendered":"<p>[thumb:14011:l]Alassio. In occasione della fase congressuale, culminata con le primarie del 25 ottobre, il circolo del Partito Democratico di Alassio ha ampliato e rinnovato il direttivo di Circolo e nominato il nuovo Coordinatore. Franco Bogliolo, 39 anni, laureato in giurisprudenza e titolare di una societ\u00e0 di consulenza immobiliare e aziendale \u00e8 il nuovo coordinatore. Bogliolo [&hellip;]<\/p>\n","protected":false},"author":13744,"featured_media":0,"comment_status":"open","ping_status":"closed","sticky":false,"template":"","format":"standard","meta":{"footnotes":""},"categories":[31],"tags":[85824,1429,3602,197],"class_list":["post-78357","post","type-post","status-publish","format-standard","hentry","category-politica","tag-alassio","tag-circolo","tag-direttivo","tag-pd","post_cat_citta-alassio"],"amp_validity":null,"amp_enabled":true,"_links":{"self":[{"href":"https:\/\/staging.ivg.it\/ediapi\/wp\/v2\/posts\/78357","targetHints":{"allow":["GET"]}}],"collection":[{"href":"https:\/\/staging.ivg.it\/ediapi\/wp\/v2\/posts"}],"about":[{"href":"https:\/\/staging.ivg.it\/ediapi\/wp\/v2\/types\/post"}],"author":[{"embeddable":true,"href":"https:\/\/staging.ivg.it\/ediapi\/wp\/v2\/users\/13744"}],"replies":[{"embeddable":true,"href":"https:\/\/staging.ivg.it\/ediapi\/wp\/v2\/comments?post=78357"}],"version-history":[{"count":0,"href":"https:\/\/staging.ivg.it\/ediapi\/wp\/v2\/posts\/78357\/revisions"}],"wp:attachment":[{"href":"https:\/\/staging.ivg.it\/ediapi\/wp\/v2\/media?parent=78357"}],"wp:term":[{"taxonomy":"category","embeddable":true,"href":"https:\/\/staging.ivg.it\/ediapi\/wp\/v2\/categories?post=78357"},{"taxonomy":"post_tag","embeddable":true,"href":"https:\/\/staging.ivg.it\/ediapi\/wp\/v2\/tags?post=78357"}],"curies":[{"name":"wp","href":"https:\/\/api.w.org\/{rel}","templated":true}]}}