{"id":78351,"date":"2009-10-30T12:21:45","date_gmt":"2009-10-30T11:21:45","guid":{"rendered":"http:\/\/www.ivg.it\/2009\/10\/30\/savona-tutto-pronto-per-la-rassegna-uno-sguado-dallafrica\/"},"modified":"2009-10-30T15:41:05","modified_gmt":"2009-10-30T14:41:05","slug":"savona-tutto-pronto-per-la-rassegna-uno-sguardo-dallafrica","status":"publish","type":"post","link":"https:\/\/staging.ivg.it\/2009\/10\/savona-tutto-pronto-per-la-rassegna-uno-sguardo-dallafrica\/","title":{"rendered":"Savona, tutto pronto per la rassegna &#8220;Uno sguardo dall&#8217;Africa&#8221;"},"content":{"rendered":"<p><strong>[thumb:8487:l]Savona<\/strong>. &#8220;Uno sguardo dall&#8217;Africa&#8221; la quinta rassegna cinematografica promossa dall&#8217;assessorato alla Cooperazione internazionale e alla Pace della Provincia si aprir\u00e0 a Savona gioved\u00ec 5 novembre alle 20,45 con la proiezione, presso il NuovoFilmstudio, di &#8220;En attendant les hommes&#8221; di Katy Lane Ndiaye. &#8220;La quinta edizione della rassegna &#8211; spiega la curatrice Daniela Ricci &#8211; \u00e8 soprattutto un viaggio nell&#8217;universo femminile. Donne che si raccontano in libert\u00e0 e bambine che affrontano con coraggio la complessit\u00e0 della vita, cercandone il cambiamento. Piccole protagoniste, tra la piccola gente a cui il genio di Mambety ha dedicato gran parte della sua opera&#8221;.<\/p>\n<p>La rassegna presenter\u00e0 anche una saga etiope firmata Haile Gerima e una piece teatrale che ci riporta allo storico e filosofo dogon Hampate Ba. Ad ogni serata saranno presenti degli ospiti, tra cui sceneggiatori, registi e attori, che incontreranno il pubblico. A chiudere la rassegna, gioved\u00ec 26 novembre alle ore 20,45 lo spettacolo teatrale &#8220;Sole nero, luna rossa&#8221; liberamente tratto da &#8220;Origine leggendaria dell&#8217;eclissi&#8221; di Amadou Hampate Ba, regia Lelia Serra, con Bintou Ouattara e Filippo Ughi<\/p>\n","protected":false},"excerpt":{"rendered":"<p>[thumb:8487:l]Savona. &#8220;Uno sguardo dall&#8217;Africa&#8221; la quinta rassegna cinematografica promossa dall&#8217;assessorato alla Cooperazione internazionale e alla Pace della Provincia si aprir\u00e0 a Savona gioved\u00ec 5 novembre alle 20,45 con la proiezione, presso il NuovoFilmstudio, di &#8220;En attendant les hommes&#8221; di Katy Lane Ndiaye. &#8220;La quinta edizione della rassegna &#8211; spiega la curatrice Daniela Ricci &#8211; \u00e8 [&hellip;]<\/p>\n","protected":false},"author":13744,"featured_media":0,"comment_status":"open","ping_status":"closed","sticky":false,"template":"","format":"standard","meta":{"footnotes":""},"categories":[],"tags":[2023,86144,14073,85850],"class_list":["post-78351","post","type-post","status-publish","format-standard","hentry","tag-film","tag-nuovofilmstudio","tag-rassegna-cinematografica","tag-savona","post_cat_citta-savona"],"amp_validity":null,"amp_enabled":true,"_links":{"self":[{"href":"https:\/\/staging.ivg.it\/ediapi\/wp\/v2\/posts\/78351","targetHints":{"allow":["GET"]}}],"collection":[{"href":"https:\/\/staging.ivg.it\/ediapi\/wp\/v2\/posts"}],"about":[{"href":"https:\/\/staging.ivg.it\/ediapi\/wp\/v2\/types\/post"}],"author":[{"embeddable":true,"href":"https:\/\/staging.ivg.it\/ediapi\/wp\/v2\/users\/13744"}],"replies":[{"embeddable":true,"href":"https:\/\/staging.ivg.it\/ediapi\/wp\/v2\/comments?post=78351"}],"version-history":[{"count":0,"href":"https:\/\/staging.ivg.it\/ediapi\/wp\/v2\/posts\/78351\/revisions"}],"wp:attachment":[{"href":"https:\/\/staging.ivg.it\/ediapi\/wp\/v2\/media?parent=78351"}],"wp:term":[{"taxonomy":"category","embeddable":true,"href":"https:\/\/staging.ivg.it\/ediapi\/wp\/v2\/categories?post=78351"},{"taxonomy":"post_tag","embeddable":true,"href":"https:\/\/staging.ivg.it\/ediapi\/wp\/v2\/tags?post=78351"}],"curies":[{"name":"wp","href":"https:\/\/api.w.org\/{rel}","templated":true}]}}