{"id":78252,"date":"2009-10-28T15:21:46","date_gmt":"2009-10-28T14:21:46","guid":{"rendered":"http:\/\/www.ivg.it\/?p=78252"},"modified":"2009-10-28T15:21:46","modified_gmt":"2009-10-28T14:21:46","slug":"pietra-al-via-la-stagione-operistica-dellorchestra-filarmonica-italiana","status":"publish","type":"post","link":"https:\/\/staging.ivg.it\/2009\/10\/pietra-al-via-la-stagione-operistica-dellorchestra-filarmonica-italiana\/","title":{"rendered":"Pietra, al via la stagione operistica dell&#8217;Orchestra filarmonica italiana"},"content":{"rendered":"<p><strong>[thumb:3721:l]Pietra L<\/strong>. La stagione operistica dell&#8217;Orchestra filarmonica italiana prender\u00e0 il via luned\u00ec 9 novembre, alle ore 21, presso il Teatro Comunale di Pietra Ligure. Il calendario prevede sei opere e un balletto. Si inizier\u00e0 con l&#8217;Otello di Giuseppe Verdi, a seguire Il barbiere di Siviglia (18 gennaio), Manon Lescaut (20 febbraio), Don Pasquale (19 marzo), Il Trovatore (22 aprile) e, infine, Turandot (14 maggio). Lo Schiaccianoci andr\u00e0 invece in scena il 3 gennaio, fuori abbonamento.<\/p>\n<p>I prezzi varinao a seconda del posto e della tipologia. L&#8217;abbonamento a sei spettacoli costa 160 euro per la platea (ridotto 145 euro) e 110 euro per la galleria. I biglietti singoli costano invece 30 euro per la platea (ridotto 27) e 20 euro per la galleria. Sar\u00e0 possibile acquistare gli abbonamenti o i biglietti in prevendita presso l&#8217;ufficio cultura del comune di Pietra Ligure (via Rossello 23) il luned\u00ec, mercoled\u00ec e venerd\u00ec dalle 9 alle 13 e il gioved\u00ec dalle 15 alle 17. I biglietti ancora disponibili saranno invece in vendita presso il botteghino del teatro dalle 18 del giorno di rappresentazione delle opere in programma.<\/p>\n","protected":false},"excerpt":{"rendered":"<p>[thumb:3721:l]Pietra L. La stagione operistica dell&#8217;Orchestra filarmonica italiana prender\u00e0 il via luned\u00ec 9 novembre, alle ore 21, presso il Teatro Comunale di Pietra Ligure. Il calendario prevede sei opere e un balletto. Si inizier\u00e0 con l&#8217;Otello di Giuseppe Verdi, a seguire Il barbiere di Siviglia (18 gennaio), Manon Lescaut (20 febbraio), Don Pasquale (19 marzo), [&hellip;]<\/p>\n","protected":false},"author":13744,"featured_media":0,"comment_status":"open","ping_status":"closed","sticky":false,"template":"","format":"standard","meta":{"footnotes":""},"categories":[],"tags":[5916,12936,2622,13988,85830,490],"class_list":["post-78252","post","type-post","status-publish","format-standard","hentry","tag-abbonamento","tag-comune-di-pietra-ligure","tag-opera","tag-orchestra-filarmonica-italiana","tag-pietra-ligure","tag-teatro","post_cat_citta-pietra-ligure"],"amp_validity":null,"amp_enabled":true,"_links":{"self":[{"href":"https:\/\/staging.ivg.it\/ediapi\/wp\/v2\/posts\/78252","targetHints":{"allow":["GET"]}}],"collection":[{"href":"https:\/\/staging.ivg.it\/ediapi\/wp\/v2\/posts"}],"about":[{"href":"https:\/\/staging.ivg.it\/ediapi\/wp\/v2\/types\/post"}],"author":[{"embeddable":true,"href":"https:\/\/staging.ivg.it\/ediapi\/wp\/v2\/users\/13744"}],"replies":[{"embeddable":true,"href":"https:\/\/staging.ivg.it\/ediapi\/wp\/v2\/comments?post=78252"}],"version-history":[{"count":0,"href":"https:\/\/staging.ivg.it\/ediapi\/wp\/v2\/posts\/78252\/revisions"}],"wp:attachment":[{"href":"https:\/\/staging.ivg.it\/ediapi\/wp\/v2\/media?parent=78252"}],"wp:term":[{"taxonomy":"category","embeddable":true,"href":"https:\/\/staging.ivg.it\/ediapi\/wp\/v2\/categories?post=78252"},{"taxonomy":"post_tag","embeddable":true,"href":"https:\/\/staging.ivg.it\/ediapi\/wp\/v2\/tags?post=78252"}],"curies":[{"name":"wp","href":"https:\/\/api.w.org\/{rel}","templated":true}]}}