{"id":78214,"date":"2009-10-27T16:38:53","date_gmt":"2009-10-27T15:38:53","guid":{"rendered":"http:\/\/www.ivg.it\/2009\/10\/27\/scomparsa-di-martino-giacomo-il-vescovo-si-unisce-al-dolore\/"},"modified":"2009-10-27T16:38:53","modified_gmt":"2009-10-27T15:38:53","slug":"scomparsa-di-martino-giacomo-il-vescovo-si-unisce-al-dolore","status":"publish","type":"post","link":"https:\/\/staging.ivg.it\/2009\/10\/scomparsa-di-martino-giacomo-il-vescovo-si-unisce-al-dolore\/","title":{"rendered":"Scomparsa di Martino Giacomo: il vescovo si unisce al dolore"},"content":{"rendered":"<p><strong>[thumb:14897:l]Albenga<\/strong>. Anche il vescovo diocesano, monsignor Mario Oliveri, ha voluto esprimere il suo cordoglio alla notizia della scomparsa di Martino Giacomo.<\/p>\n<p>Il &#8220;Babbo Natale&#8221; ingauno infatti era divenuto famoso negli ultimi anni per la sua abitudine di aggirarsi tra le vie del centro storico di Albenga, intorno alla cattedrale San Michele. &#8220;Era una persona cara, che mi salutava sempre con trasporto e affettuosit\u00e0 davvero eccezionali &#8211; dichiara il vescovo di Albenga, commentando la notizia della morte di Martino -. Lo ricorder\u00f2 sempre con tanta simpatia, perch\u00e9 nella sua solitudine familiare non si era mai allontanato dalla vita della citt\u00e0&#8221;.<\/p>\n<p>Martino infatti distribuiva caramelle in dono a tutti i bambini che incontrava e spesso le lasciava anche al vescovo. Negli ultimi tempi parecchi negozi erano addirittura diventati suoi sponsors ufficiali, perch\u00e8 lo rifornivano di caramelle, dolci e giocattoli. Dalla Festa dell&#8217;Immacolata fino all&#8217;Epifania, Babbo Martin ogni giorno spingeva la sua &#8220;slitta&#8221; con le ruote, per le strade e le vie della citt\u00e0, suonando un campanello. Ad ogni bimbo che incontrava, augurando il buon Natale, porgeva in dono una caramella.<\/p>\n<p>[image:14897:c]<\/p>\n","protected":false},"excerpt":{"rendered":"<p>[thumb:14897:l]Albenga. Anche il vescovo diocesano, monsignor Mario Oliveri, ha voluto esprimere il suo cordoglio alla notizia della scomparsa di Martino Giacomo. Il &#8220;Babbo Natale&#8221; ingauno infatti era divenuto famoso negli ultimi anni per la sua abitudine di aggirarsi tra le vie del centro storico di Albenga, intorno alla cattedrale San Michele. &#8220;Era una persona cara, [&hellip;]<\/p>\n","protected":false},"author":5,"featured_media":0,"comment_status":"open","ping_status":"closed","sticky":false,"template":"","format":"standard","meta":{"footnotes":""},"categories":[34],"tags":[85841,6495,5389,2765,1681,539],"class_list":["post-78214","post","type-post","status-publish","format-standard","hentry","category-cronaca","tag-albenga","tag-cordoglio","tag-decesso","tag-mario-oliveri","tag-morte","tag-vescovo","post_cat_citta-albenga"],"amp_validity":null,"amp_enabled":true,"_links":{"self":[{"href":"https:\/\/staging.ivg.it\/ediapi\/wp\/v2\/posts\/78214","targetHints":{"allow":["GET"]}}],"collection":[{"href":"https:\/\/staging.ivg.it\/ediapi\/wp\/v2\/posts"}],"about":[{"href":"https:\/\/staging.ivg.it\/ediapi\/wp\/v2\/types\/post"}],"author":[{"embeddable":true,"href":"https:\/\/staging.ivg.it\/ediapi\/wp\/v2\/users\/5"}],"replies":[{"embeddable":true,"href":"https:\/\/staging.ivg.it\/ediapi\/wp\/v2\/comments?post=78214"}],"version-history":[{"count":0,"href":"https:\/\/staging.ivg.it\/ediapi\/wp\/v2\/posts\/78214\/revisions"}],"wp:attachment":[{"href":"https:\/\/staging.ivg.it\/ediapi\/wp\/v2\/media?parent=78214"}],"wp:term":[{"taxonomy":"category","embeddable":true,"href":"https:\/\/staging.ivg.it\/ediapi\/wp\/v2\/categories?post=78214"},{"taxonomy":"post_tag","embeddable":true,"href":"https:\/\/staging.ivg.it\/ediapi\/wp\/v2\/tags?post=78214"}],"curies":[{"name":"wp","href":"https:\/\/api.w.org\/{rel}","templated":true}]}}