{"id":78155,"date":"2009-10-26T15:39:58","date_gmt":"2009-10-26T14:39:58","guid":{"rendered":"http:\/\/www.ivg.it\/2009\/10\/26\/savona-paolo-curtaz-presenta-il-suo-ultimo-libro\/"},"modified":"2009-10-26T15:39:58","modified_gmt":"2009-10-26T14:39:58","slug":"savona-paolo-curtaz-presenta-il-suo-ultimo-libro","status":"publish","type":"post","link":"https:\/\/staging.ivg.it\/2009\/10\/savona-paolo-curtaz-presenta-il-suo-ultimo-libro\/","title":{"rendered":"Savona, Paolo Curtaz presenta il suo ultimo libro"},"content":{"rendered":"<p><strong>[thumb:2642:l]Savona<\/strong>. Paolo Curtaz, figura di spicco nel panorama cattolico, sar\u00e0 ospite a Savona, per presentare il suo libro &#8220;Dov&#8217;\u00e8 colui che \u00e8 nato? Alla ricerca del Natale perduto&#8221;, venerd\u00ec 6 novembre, alle ore 21 nei locali della Societ\u00e0 operaia cattolica &#8220;N.S. di misericordia&#8221; in via Famagosta 4. L&#8217;iniziativa \u00e8 della libreria Paoline di Savona in collaborazione con la Societ\u00e0 operaia.<\/p>\n<p>Paolo Curtaz medita il Vangelo su un sito internet ed \u00e8 presidente dell&#8217;associazione culturale Zaccheo. Con le edizioni San Paolo ha pubblicato &#8220;La Parola spezzata&#8221; (2006), &#8220;La Parola compiuta&#8221; (2007), Ges\u00f9 zero&#8221; (2007), &#8220;Convertirsi alla gioia&#8221; (2007), &#8220;La lettera perduta&#8221; (2008), &#8220;In coppia con Dio&#8221; (2008), &#8220;La Parola incarnata&#8221; (2009), &#8220;Cristiano stanco?&#8221; (2009). Le sue pubblicazioni sono tradotte in rumeno, polacco, spagnolo e portoghese. Collabora alla rivista Parola e preghiera.<\/p>\n<p>Nell&#8217;ultimo libro, che sar\u00e0 presentato a Savona, l&#8217;autore propone una serie di personaggi biblici e commenta il loro personale atteggiamento nei confronti della nascita del Messia.  Si parte da Erode che vede in Ges\u00f9 un pericoloso concorrente, i sacerdoti del tempio che conoscono le profezie ma non le vivono, l&#8217;imperatore ma anche la brava gente di Gerusalemme che comunque non capisce e rifiuta ci\u00f2 che sta accadendo. Seguono poi anche esempi positivi come Maria e Giuseppe, i pastori, i magi e il vecchio Simeone.<\/p>\n","protected":false},"excerpt":{"rendered":"<p>[thumb:2642:l]Savona. Paolo Curtaz, figura di spicco nel panorama cattolico, sar\u00e0 ospite a Savona, per presentare il suo libro &#8220;Dov&#8217;\u00e8 colui che \u00e8 nato? Alla ricerca del Natale perduto&#8221;, venerd\u00ec 6 novembre, alle ore 21 nei locali della Societ\u00e0 operaia cattolica &#8220;N.S. di misericordia&#8221; in via Famagosta 4. L&#8217;iniziativa \u00e8 della libreria Paoline di Savona in [&hellip;]<\/p>\n","protected":false},"author":5,"featured_media":0,"comment_status":"open","ping_status":"closed","sticky":false,"template":"","format":"standard","meta":{"footnotes":""},"categories":[],"tags":[2417,2791,1669,331,85850],"class_list":["post-78155","post","type-post","status-publish","format-standard","hentry","tag-libro","tag-natale","tag-presentazione","tag-religione","tag-savona","post_cat_citta-savona"],"amp_validity":null,"amp_enabled":true,"_links":{"self":[{"href":"https:\/\/staging.ivg.it\/ediapi\/wp\/v2\/posts\/78155","targetHints":{"allow":["GET"]}}],"collection":[{"href":"https:\/\/staging.ivg.it\/ediapi\/wp\/v2\/posts"}],"about":[{"href":"https:\/\/staging.ivg.it\/ediapi\/wp\/v2\/types\/post"}],"author":[{"embeddable":true,"href":"https:\/\/staging.ivg.it\/ediapi\/wp\/v2\/users\/5"}],"replies":[{"embeddable":true,"href":"https:\/\/staging.ivg.it\/ediapi\/wp\/v2\/comments?post=78155"}],"version-history":[{"count":0,"href":"https:\/\/staging.ivg.it\/ediapi\/wp\/v2\/posts\/78155\/revisions"}],"wp:attachment":[{"href":"https:\/\/staging.ivg.it\/ediapi\/wp\/v2\/media?parent=78155"}],"wp:term":[{"taxonomy":"category","embeddable":true,"href":"https:\/\/staging.ivg.it\/ediapi\/wp\/v2\/categories?post=78155"},{"taxonomy":"post_tag","embeddable":true,"href":"https:\/\/staging.ivg.it\/ediapi\/wp\/v2\/tags?post=78155"}],"curies":[{"name":"wp","href":"https:\/\/api.w.org\/{rel}","templated":true}]}}