{"id":78149,"date":"2009-10-26T15:07:44","date_gmt":"2009-10-26T14:07:44","guid":{"rendered":"http:\/\/www.ivg.it\/2009\/10\/26\/regione-piano-casa-concluso-esame-della-legge-in-commissione\/"},"modified":"2009-10-27T09:31:55","modified_gmt":"2009-10-27T08:31:55","slug":"regione-piano-casa-concluso-esame-della-legge-in-commissione","status":"publish","type":"post","link":"https:\/\/staging.ivg.it\/2009\/10\/regione-piano-casa-concluso-esame-della-legge-in-commissione\/","title":{"rendered":"Regione, Piano casa: concluso esame della legge in Commissione"},"content":{"rendered":"<p><strong>[thumb:14722:l]Regione<\/strong>. Il Piano casa dopo l&#8217;approvazione della Giunta, questa mattina, ha superato anche l&#8217;esame della VI commissione. Soddisfatto per questo passo l&#8217;assessore all&#8217;urbanistica Carlo Ruggeri che ha commentato: &#8220;Dopo la valutazione positiva in commissione della legge sul piano casa avvenuta questa mattina, come Giunta siamo disponibili ad accogliere ogni proposta migliorativa, nell&#8217;ambito della discussione che si terr\u00e0 in aula, fermi restando, oltre ai criteri di salvaguardia del territorio, la scelta di agevolare particolarmente le piccole abitazioni e di promuovere il risparmio energetico e l&#8217;uso di materiali tradizionali della cultura edilizia ligure&#8221;.<\/p>\n<p>&#8220;Dopo le prime sedute della Commissione &#8211; ha spiegato Ruggeri &#8211; che si erano protratte per tre giorni e nelle quali erano stati esaminati solamente i primi tre articoli, il voto su tutti i rimanenti articoli e sull&#8217;intero testo di legge \u00e8 stato possibile in quanto i consiglieri di maggioranza hanno ritirato tutti gli emendamenti proposti e la minoranza, pur mantenendo i propri emendamenti, ha ritenuto di non illustrarli nel corso dei lavori&#8221;. La legge \u00e8 stata approvata con il voto contrario della minoranza di centrodestra e l&#8217;astensione del rappresentante dei Verdi. &#8220;Nelle dichiarazioni rilasciate in commissione i rappresentanti della maggioranza hanno giudicato la legge come punto di equilibrio fra le diverse esigenze volte a consentire un rilancio dell&#8217;attivit\u00e0 edilizia, attraverso la possibilit\u00e0 di ampliamento di edifici a prevalente destinazione residenziale ed il rispetto delle particolarit\u00e0 ambientali e paesistiche della Liguria&#8221; ha concluso l&#8217;assessore regionale.<\/p>\n<p>Hanno votato a favore i gruppi del Pd e di Italia dei Valori. Astenuti i Verdi, contrario il centrodestra. Assenti per motivi istituzionali i rappresentanti del Partito dei Comunisti italiani Tirreno Bianchi e di Rifondazione Comunista Giacomo Conti. Questi ultimi per\u00f2 avevano gi\u00e0 espresso, per ragioni differenti, l&#8217;intenzione di astenersi sul provvedimento a meno che in Consiglio non sopraggiungessero ulteriori possibili modifiche. In particolare Rifondazione comunista esprime tale posizione in quanto la legge nasce dalla norma nazionale. Il Pdci invece \u00e8 perplesso su una eccessiva delega delle decisioni di espansione edilizia ai Comuni e sul fatto che dai possibili ampliamenti vengano esclusi gli edifici posti nelle aree industriali.<\/p>\n<p>Da parte degli altri esponenti della maggioranza e della Giunta c&#8217;\u00e8 la disponibilit\u00e0 ad accogliere ogni proposta migliorativa, nell&#8217;ambito della discussione che si terr\u00e0 in Aula, &#8220;fermi restando, oltre ai criteri di salvaguardia del territorio, la scelta di agevolare particolarmente le piccole abitazioni e di promuovere il risparmio energetico e l&#8217;uso di materiali tradizionali della cultura edilizia ligure&#8221;. Il centrodestra, oltre a criticare l&#8217;impianto complessivo della legge,  chiede l&#8217;estensione del campo di applicazione alle aree industriali ed artigianali non comprese nella norma nazionale e nella proposta della Giunta.<\/p>\n","protected":false},"excerpt":{"rendered":"<p>[thumb:14722:l]Regione. Il Piano casa dopo l&#8217;approvazione della Giunta, questa mattina, ha superato anche l&#8217;esame della VI commissione. Soddisfatto per questo passo l&#8217;assessore all&#8217;urbanistica Carlo Ruggeri che ha commentato: &#8220;Dopo la valutazione positiva in commissione della legge sul piano casa avvenuta questa mattina, come Giunta siamo disponibili ad accogliere ogni proposta migliorativa, nell&#8217;ambito della discussione che [&hellip;]<\/p>\n","protected":false},"author":13744,"featured_media":0,"comment_status":"open","ping_status":"closed","sticky":false,"template":"","format":"standard","meta":{"footnotes":""},"categories":[],"tags":[1447,964,5837,5069,13877,1398,2062,393,1079,7856,295,13878,3923,499],"class_list":["post-78149","post","type-post","status-publish","format-standard","hentry","tag-abitazioni","tag-carlo-ruggeri","tag-cemento","tag-commissione","tag-disegno-di-legge","tag-edilizia","tag-giunta","tag-liguria","tag-maggioranza","tag-piano-casa","tag-regione","tag-riqualificazione-urbanistica","tag-territorio","tag-verdi","post_cat_citta-andora"],"amp_validity":null,"amp_enabled":true,"_links":{"self":[{"href":"https:\/\/staging.ivg.it\/ediapi\/wp\/v2\/posts\/78149","targetHints":{"allow":["GET"]}}],"collection":[{"href":"https:\/\/staging.ivg.it\/ediapi\/wp\/v2\/posts"}],"about":[{"href":"https:\/\/staging.ivg.it\/ediapi\/wp\/v2\/types\/post"}],"author":[{"embeddable":true,"href":"https:\/\/staging.ivg.it\/ediapi\/wp\/v2\/users\/13744"}],"replies":[{"embeddable":true,"href":"https:\/\/staging.ivg.it\/ediapi\/wp\/v2\/comments?post=78149"}],"version-history":[{"count":0,"href":"https:\/\/staging.ivg.it\/ediapi\/wp\/v2\/posts\/78149\/revisions"}],"wp:attachment":[{"href":"https:\/\/staging.ivg.it\/ediapi\/wp\/v2\/media?parent=78149"}],"wp:term":[{"taxonomy":"category","embeddable":true,"href":"https:\/\/staging.ivg.it\/ediapi\/wp\/v2\/categories?post=78149"},{"taxonomy":"post_tag","embeddable":true,"href":"https:\/\/staging.ivg.it\/ediapi\/wp\/v2\/tags?post=78149"}],"curies":[{"name":"wp","href":"https:\/\/api.w.org\/{rel}","templated":true}]}}