{"id":78130,"date":"2009-10-26T10:04:02","date_gmt":"2009-10-26T09:04:02","guid":{"rendered":"http:\/\/www.ivg.it\/2009\/10\/26\/palazzo-nervi-la-giunta-provinciale-di-cuneo-in-visita-a-savona\/"},"modified":"2009-10-26T17:19:16","modified_gmt":"2009-10-26T16:19:16","slug":"piu-vicine-le-province-di-savona-e-cuneo","status":"publish","type":"post","link":"https:\/\/staging.ivg.it\/2009\/10\/piu-vicine-le-province-di-savona-e-cuneo\/","title":{"rendered":"Pi\u00f9 vicine le Province di Savona e Cuneo"},"content":{"rendered":"<p><strong>[thumb:14876:l]Savona<\/strong>. E&#8217; appena iniziato l&#8217;incontro tra i presidenti delle province di Savona, Angelo Vaccarezza, e Cuneo, Gianna Gancia. A Palazzo Nervi sono presenti diversi esponenti di entrambe le giunte provinciali. Nel breve colloquio con i giornalisti, i due presidenti, all&#8217;inizio del loro mandato amministrativo, hanno parlato delle sinergie istituzionali e dei rapporti di collaborazione da avviare tra i due enti. Tra gli obiettivi vi sono l&#8217;enogastronomia, le vie di comunicazioni e le infrastrutture di collegamento, oltre al turismo.<\/p>\n<p>&#8220;L&#8217;inizio di questa collaborazione con la provincia cuneese &#8211; dichiara Angelo Vaccarezza &#8211; fa parte di una mia precisa volont\u00e0 di sprovincializzare questo ente e di collegarlo alle altre aree del nord-ovest italiano. Per mille motivi noi guardiamo al Piemonte e alla Provincia di Cuneo, e con oggi iniziamo un percorso comune di interscambio. Certamente il discorso delle Alpi Marittime non lo abbiamo inventato adesso, tuttavia le due province sono complementari e devono essere sempre pi\u00f9 integrate nell&#8217;ambito di una complessiva politica di sviluppo&#8221;.[image:14873:r]<\/p>\n<p>&#8220;Sono molto contenta di essere qui in visita a Savona &#8211; dice Gianna Gancia &#8211; e mi auguro con il presidente Vaccarezza di intraprendere una proficua collaborazione. Molti cuneesi vengono in vacanza in Riviera e altrettanti savonesi vengono a sciare nelle nostre localit\u00e0 in inverno. Questa \u00e8 una realt\u00e0 e un punto di partenza per creare iniziative e progetti congiunti. Forse per troppo tempo noi siamo stati troppo legati a Torino, cos\u00ec come Savona a Genova, invece \u00e8 necessario aprirsi maggiormente anche ad altre realt\u00e0 integrate come le nostre&#8221;.<\/p>\n<p>Inoltre la presidente Gancia, che andr\u00e0 ad inaugurare la rassegna &#8220;Peccati di Gola 2009&#8221; al Palacrociere, ha parlato anche di porto, in particolare della possibilit\u00e0 per il cuneese rappresentata dalla logistica e dallo sviluppo delle aree retroportuali. &#8220;Con la Provincia da una parte e la Port Authority savonese dall&#8217;altro verificheremo le opportunit\u00e0 offerte da un settore strategico, anche in considerazione della crescita dei traffici portuali nel comprensorio portuale di Savona-Vado&#8221;.<\/p>\n<p>[image:14875:c][image:14874:c]<\/p>\n","protected":false},"excerpt":{"rendered":"<p>[thumb:14876:l]Savona. E&#8217; appena iniziato l&#8217;incontro tra i presidenti delle province di Savona, Angelo Vaccarezza, e Cuneo, Gianna Gancia. A Palazzo Nervi sono presenti diversi esponenti di entrambe le giunte provinciali. Nel breve colloquio con i giornalisti, i due presidenti, all&#8217;inizio del loro mandato amministrativo, hanno parlato delle sinergie istituzionali e dei rapporti di collaborazione da [&hellip;]<\/p>\n","protected":false},"author":4,"featured_media":0,"comment_status":"open","ping_status":"closed","sticky":false,"template":"","format":"standard","meta":{"footnotes":""},"categories":[56,35],"tags":[2317,4465,13693,2088,86079,3026,85850,107],"class_list":["post-78130","post","type-post","status-publish","format-standard","hentry","category-altre","category-economia","tag-angelo-vaccarezza","tag-enogastronomia","tag-gianna-gancia","tag-infrastrutture","tag-palazzo-nervi","tag-province","tag-savona","tag-turismo","post_cat_citta-andora","post_cat_citta-savona"],"amp_validity":null,"amp_enabled":true,"_links":{"self":[{"href":"https:\/\/staging.ivg.it\/ediapi\/wp\/v2\/posts\/78130","targetHints":{"allow":["GET"]}}],"collection":[{"href":"https:\/\/staging.ivg.it\/ediapi\/wp\/v2\/posts"}],"about":[{"href":"https:\/\/staging.ivg.it\/ediapi\/wp\/v2\/types\/post"}],"author":[{"embeddable":true,"href":"https:\/\/staging.ivg.it\/ediapi\/wp\/v2\/users\/4"}],"replies":[{"embeddable":true,"href":"https:\/\/staging.ivg.it\/ediapi\/wp\/v2\/comments?post=78130"}],"version-history":[{"count":0,"href":"https:\/\/staging.ivg.it\/ediapi\/wp\/v2\/posts\/78130\/revisions"}],"wp:attachment":[{"href":"https:\/\/staging.ivg.it\/ediapi\/wp\/v2\/media?parent=78130"}],"wp:term":[{"taxonomy":"category","embeddable":true,"href":"https:\/\/staging.ivg.it\/ediapi\/wp\/v2\/categories?post=78130"},{"taxonomy":"post_tag","embeddable":true,"href":"https:\/\/staging.ivg.it\/ediapi\/wp\/v2\/tags?post=78130"}],"curies":[{"name":"wp","href":"https:\/\/api.w.org\/{rel}","templated":true}]}}