{"id":78080,"date":"2009-10-24T09:18:39","date_gmt":"2009-10-24T07:18:39","guid":{"rendered":"http:\/\/www.ivg.it\/2009\/10\/24\/intossicati-in-via-montenotte-il-29enne-in-osservazione\/"},"modified":"2009-10-24T12:25:22","modified_gmt":"2009-10-24T10:25:22","slug":"intossicati-in-via-montenotte-il-29enne-in-osservazione","status":"publish","type":"post","link":"https:\/\/staging.ivg.it\/2009\/10\/intossicati-in-via-montenotte-il-29enne-in-osservazione\/","title":{"rendered":"Intossicati in via Montenotte: il 29enne in osservazione"},"content":{"rendered":"<p>[thumb:13393:l]<strong>Savona<\/strong>. M.D., il 29enne intossicato dal monossido di carbonio in un appartamento di via Montenotte, \u00e8 stato trasportato ieri sera all&#8217;ospedale San Martino di Genova per essere trattato nella camera iperbarica. E&#8217; stato poi nuovamente trasferito al San Paolo, dove si trova in osservazione.<\/p>\n<p>La madre, G.M., 65 anni, \u00e8 stata condotta in elicottero presso il nosocomio genovese, per essere intubata, gi\u00e0 nel pomeriggio. Le sue condizioni sono apparse pi\u00f9 gravi rispetto a quelle del figlio sin dal primo momento in cui i militi della Croce Bianca di Savona e il personale medico hanno prestato i soccorsi. La donna si trova ancora al San Martino in coma. Le sue condizioni sono considerate critiche.<\/p>\n","protected":false},"excerpt":{"rendered":"<p>[thumb:13393:l]Savona. M.D., il 29enne intossicato dal monossido di carbonio in un appartamento di via Montenotte, \u00e8 stato trasportato ieri sera all&#8217;ospedale San Martino di Genova per essere trattato nella camera iperbarica. E&#8217; stato poi nuovamente trasferito al San Paolo, dove si trova in osservazione. La madre, G.M., 65 anni, \u00e8 stata condotta in elicottero presso [&hellip;]<\/p>\n","protected":false},"author":5,"featured_media":0,"comment_status":"open","ping_status":"closed","sticky":false,"template":"","format":"standard","meta":{"footnotes":""},"categories":[34],"tags":[8220,2833,13733,3576,311,85850,5735],"class_list":["post-78080","post","type-post","status-publish","format-standard","hentry","category-cronaca","tag-coma","tag-croce-bianca","tag-intossicati","tag-san-martino","tag-san-paolo","tag-savona","tag-via-montenotte","post_cat_citta-savona"],"amp_validity":null,"amp_enabled":true,"_links":{"self":[{"href":"https:\/\/staging.ivg.it\/ediapi\/wp\/v2\/posts\/78080","targetHints":{"allow":["GET"]}}],"collection":[{"href":"https:\/\/staging.ivg.it\/ediapi\/wp\/v2\/posts"}],"about":[{"href":"https:\/\/staging.ivg.it\/ediapi\/wp\/v2\/types\/post"}],"author":[{"embeddable":true,"href":"https:\/\/staging.ivg.it\/ediapi\/wp\/v2\/users\/5"}],"replies":[{"embeddable":true,"href":"https:\/\/staging.ivg.it\/ediapi\/wp\/v2\/comments?post=78080"}],"version-history":[{"count":0,"href":"https:\/\/staging.ivg.it\/ediapi\/wp\/v2\/posts\/78080\/revisions"}],"wp:attachment":[{"href":"https:\/\/staging.ivg.it\/ediapi\/wp\/v2\/media?parent=78080"}],"wp:term":[{"taxonomy":"category","embeddable":true,"href":"https:\/\/staging.ivg.it\/ediapi\/wp\/v2\/categories?post=78080"},{"taxonomy":"post_tag","embeddable":true,"href":"https:\/\/staging.ivg.it\/ediapi\/wp\/v2\/tags?post=78080"}],"curies":[{"name":"wp","href":"https:\/\/api.w.org\/{rel}","templated":true}]}}